{"id":1079,"date":"2013-07-28T06:33:07","date_gmt":"2013-07-28T06:33:07","guid":{"rendered":"http:\/\/parafiabesko.pl\/?p=1079"},"modified":"2013-07-28T06:33:07","modified_gmt":"2013-07-28T06:33:07","slug":"ogloszenia-28-07-2013","status":"publish","type":"post","link":"https:\/\/parafiabesko.pl\/?p=1079","title":{"rendered":"Og\u0142oszenia 28.07.2013"},"content":{"rendered":"<p>\n\t<strong><em>W zwi\u0105zku ze wspomnieniem \u015bw. Krzysztofa, patrona kierowc&oacute;w dzisiaj &nbsp;po ka\u017cdej Mszy \u015bwi\u0119tej b\u0119dzie sprawowany obrz\u0119d &nbsp;b\u0142ogos\u0142awie\u0144stwa &nbsp;kierowc&oacute;w i pojazd&oacute;w mechanicznych. Ofiary sk\u0142adane przy tej okazji przeznaczone s\u0105 na Misje \u015bwi\u0119te.<\/em><\/strong>\n<\/p>\n<p><!--more--><\/p>\n<p>\n\t1. Spowied\u017a przed pierwszym pi\u0105tkiem miesi\u0105ca do poniedzia\u0142ku rano i wieczorem przed Msz\u0105 \u015bwi\u0119t\u0105.\n<\/p>\n<p>\n\t2. We wtorek o godzinie 18.00 Nabo\u017ce\u0144stwo do Bo\u017cego Mi\u0142osierdzia.\n<\/p>\n<p>\n\t3. We \u015brod\u0119 o godzinie 18.00 Nowenna do Matki Bo\u017cej Nieustaj\u0105cej Pomocy.\n<\/p>\n<p>\n\t4. Pierwszy czwartek miesi\u0105ca&nbsp; o godzinie 18.00 Godzina \u015bwi\u0119ta.\n<\/p>\n<p>\n\t5. Pierwszy pi\u0105tek miesi\u0105ca o godzinie 7.00 Msza \u015bwi\u0119ta i adoracja, adoruje r&oacute;\u017ca Kasperkowicz Marii, wieczorem o godzinie 18.00 Msza \u015bwi\u0119ta i adoracja.. W ko\u015bcio\u0142ach filialnych w Por\u0119bach i Mymoniu o godzinie 15.30 adoracja, spowied\u017a i Msza \u015bwi\u0119ta.\n<\/p>\n<p>\n\t6. Pierwsza sobota miesi\u0105ca o godzinie 7.00 Msza \u015bwi\u0119ta i nabo\u017ce\u0144stwo do Matki Bo\u017cej, adoruje r&oacute;\u017ca Mermer Stanis\u0142awy, a <strong>o godzinie 20.00 wiecz&oacute;r fatimski<\/strong>.\n<\/p>\n<p>\n\t7. W najbli\u017csz\u0105 niedziel\u0119 &ndash; Niedziela Adoracyjna, od godziny 12.00 do 16.00 prywatna adoracja rodzin naszej Parafii, o godzinie 16.00 nabo\u017ce\u0144stwo r&oacute;\u017ca\u0144cowe i zmiana tajemnic, adoruje r&oacute;\u017ca Ziemia\u0144skiej Bronis\u0142awy.<\/p>\n","protected":false},"excerpt":{"rendered":"<p>W zwi\u0105zku ze wspomnieniem \u015bw. Krzysztofa, patrona kierowc&oacute;w dzisiaj &nbsp;po ka\u017cdej Mszy \u015bwi\u0119tej b\u0119dzie sprawowany obrz\u0119d &nbsp;b\u0142ogos\u0142awie\u0144stwa &nbsp;kierowc&oacute;w i pojazd&oacute;w mechanicznych. Ofiary sk\u0142adane przy tej okazji przeznaczone s\u0105 na Misje \u015bwi\u0119te.<span class=\"more-link\"><a href=\"https:\/\/parafiabesko.pl\/?p=1079\">Czytaj wi\u0119cej<\/a><\/span><\/p>\n","protected":false},"author":1,"featured_media":1059,"comment_status":"closed","ping_status":"open","sticky":false,"template":"","format":"standard","meta":{"footnotes":""},"categories":[7],"tags":[],"class_list":["entry","author-adminparafiibesko","has-more-link","post-1079","post","type-post","status-publish","format-standard","has-post-thumbnail","category-ogloszenia-parafialne"],"_links":{"self":[{"href":"https:\/\/parafiabesko.pl\/index.php?rest_route=\/wp\/v2\/posts\/1079","targetHints":{"allow":["GET"]}}],"collection":[{"href":"https:\/\/parafiabesko.pl\/index.php?rest_route=\/wp\/v2\/posts"}],"about":[{"href":"https:\/\/parafiabesko.pl\/index.php?rest_route=\/wp\/v2\/types\/post"}],"author":[{"embeddable":true,"href":"https:\/\/parafiabesko.pl\/index.php?rest_route=\/wp\/v2\/users\/1"}],"replies":[{"embeddable":true,"href":"https:\/\/parafiabesko.pl\/index.php?rest_route=%2Fwp%2Fv2%2Fcomments&post=1079"}],"version-history":[{"count":0,"href":"https:\/\/parafiabesko.pl\/index.php?rest_route=\/wp\/v2\/posts\/1079\/revisions"}],"wp:featuredmedia":[{"embeddable":true,"href":"https:\/\/parafiabesko.pl\/index.php?rest_route=\/"}],"wp:attachment":[{"href":"https:\/\/parafiabesko.pl\/index.php?rest_route=%2Fwp%2Fv2%2Fmedia&parent=1079"}],"wp:term":[{"taxonomy":"category","embeddable":true,"href":"https:\/\/parafiabesko.pl\/index.php?rest_route=%2Fwp%2Fv2%2Fcategories&post=1079"},{"taxonomy":"post_tag","embeddable":true,"href":"https:\/\/parafiabesko.pl\/index.php?rest_route=%2Fwp%2Fv2%2Ftags&post=1079"}],"curies":[{"name":"wp","href":"https:\/\/api.w.org\/{rel}","templated":true}]}}