{"id":10788,"date":"2024-11-09T18:26:16","date_gmt":"2024-11-09T18:26:16","guid":{"rendered":"https:\/\/parafiabesko.pl\/?p=10788"},"modified":"2024-11-09T18:26:16","modified_gmt":"2024-11-09T18:26:16","slug":"intencje-mszalne-11-17-11-2024r","status":"publish","type":"post","link":"https:\/\/parafiabesko.pl\/?p=10788","title":{"rendered":"Intencje mszalne 11-17.11.2024r."},"content":{"rendered":"<table>\n<tbody>\n<tr>\n<td rowspan=\"3\" width=\"166\"><strong>Poniedzia\u0142ek<\/strong><\/p>\n<p><strong>11.11.2024r.<\/strong><\/p>\n<p>&nbsp;<\/td>\n<td width=\"71\"><strong>7.00<\/strong><\/td>\n<td width=\"457\">+Albin, Halina<\/td>\n<\/tr>\n<tr>\n<td width=\"71\"><strong>10.00<\/strong><\/td>\n<td width=\"457\"><strong>-W intencji Ojczyzny<\/strong><\/td>\n<\/tr>\n<tr>\n<td width=\"71\"><strong>17.00<\/strong><\/td>\n<td width=\"457\">+Stanis\u0142aw Stapi\u0144ski \/3 r. \u015bm.\/<\/td>\n<\/tr>\n<tr>\n<td width=\"166\"><strong>Wtorek<\/strong><\/p>\n<p><strong>12.11.2024r.<\/strong><\/p>\n<p>&nbsp;<\/td>\n<td width=\"71\"><strong>7.00<\/strong><\/td>\n<td width=\"457\">1. +Zbigniew<\/p>\n<p>2. +Maria Zubik of. Maria Semenowicz<\/p>\n<p>3. +Wypominkowa \/3\/ &#8211; \/poza Parafi\u0105\/<\/td>\n<\/tr>\n<tr>\n<td rowspan=\"2\" width=\"166\"><strong>\u015aroda<\/strong><\/p>\n<p><strong>13.11.2024r.<\/strong><\/p>\n<p><strong>\u00a0<\/strong><\/p>\n<p><strong>\u00a0<\/strong><\/td>\n<td width=\"71\"><strong>7.00<\/strong><\/td>\n<td width=\"457\">-Dzi\u0119kczynna z pro\u015bb\u0105 o \u0142ask\u0119 zdrowia dla rodziny<\/td>\n<\/tr>\n<tr>\n<td width=\"71\"><strong>17.00<\/strong><\/td>\n<td width=\"457\">1. +Stanis\u0142aw Stapi\u0144ski \/3 r. \u015bm.\/<\/p>\n<p>2. +Stanis\u0142aw Banek, Anastazja i W\u0142adys\u0142aw \/poza Parafi\u0105\/<\/td>\n<\/tr>\n<tr>\n<td rowspan=\"2\" width=\"166\"><strong>Czwartek<\/strong><\/p>\n<p><strong>14.11.2024r.<\/strong><\/p>\n<p><strong>\u00a0<\/strong><\/p>\n<p>&nbsp;<\/td>\n<td width=\"71\"><strong>7.00<\/strong><\/td>\n<td width=\"457\">+Piotr Sza\u0142ankiewicz of. siostry z r\u00f3\u017cy \u015bw. Anny<\/td>\n<\/tr>\n<tr>\n<td width=\"71\"><strong>17.00<\/strong><\/td>\n<td width=\"457\">1. +J\u00f3zef\u0119, Edward, Jan Nycz<\/p>\n<p>2.+Zofia, Jan Mermer \/30 r. \u015bm.\/<\/td>\n<\/tr>\n<tr>\n<td rowspan=\"2\" width=\"166\"><strong>Pi\u0105tek<\/strong><\/p>\n<p><strong>15.11.2024r.<\/strong><\/p>\n<p><strong>\u00a0<\/strong><\/p>\n<p>&nbsp;<\/td>\n<td width=\"71\"><strong>7.00<\/strong><\/td>\n<td width=\"457\">+Stanis\u0142aw, Stanis\u0142aw\u0119, Zbigniew i zm. z rodziny<\/td>\n<\/tr>\n<tr>\n<td width=\"71\"><strong>17.00<\/strong><\/td>\n<td width=\"457\">1. +Agnieszka Matuszek<\/p>\n<p>2. +J\u00f3zef, Kazimier\u0119, Monika Kornasiewicz<\/td>\n<\/tr>\n<tr>\n<td rowspan=\"2\" width=\"166\"><strong>Sobota<\/strong><\/p>\n<p><strong>16.11.2024r.<\/strong><\/p>\n<p><strong>\u00a0<\/strong><\/p>\n<p>&nbsp;<\/td>\n<td width=\"71\"><strong>7.00<\/strong><\/td>\n<td width=\"457\">+Jan, Julia, Jan Tutak, Wojciech i zm. z rodziny<\/td>\n<\/tr>\n<tr>\n<td width=\"71\"><strong>17.00<\/strong><\/td>\n<td width=\"457\">1. +Maria, Stanis\u0142aw Kornasiewicz i zm. z rodziny<\/p>\n<p>2. +Jan \/15 r. \u015bm.\/, Artur Szyndlar<\/td>\n<\/tr>\n<tr>\n<td rowspan=\"4\" width=\"166\"><strong>Niedziela<\/strong><\/p>\n<p><strong>17.11.2024r.<\/strong><\/p>\n<p><strong>\u00a0<\/strong><\/p>\n<p>&nbsp;<\/td>\n<td width=\"71\"><strong>7.30<\/strong><\/td>\n<td width=\"457\">+Bart\u0142omiej, Aniela, Janina, Antoni<\/td>\n<\/tr>\n<tr>\n<td width=\"71\"><strong>9.15<\/strong><\/td>\n<td width=\"457\">+Tadeusz i zm. z rodziny<\/td>\n<\/tr>\n<tr>\n<td width=\"71\"><strong>11.00<\/strong><\/td>\n<td width=\"457\"><strong>Za Parafian<\/strong><\/td>\n<\/tr>\n<tr>\n<td width=\"71\"><strong>16.30<\/strong><\/td>\n<td width=\"457\">+Jan \/45 r. \u015bm.\/, Kazimier\u0119<\/td>\n<\/tr>\n<\/tbody>\n<\/table>\n","protected":false},"excerpt":{"rendered":"<p>Poniedzia\u0142ek 11.11.2024r. &nbsp; 7.00 +Albin, Halina 10.00 -W intencji Ojczyzny 17.00 +Stanis\u0142aw Stapi\u0144ski \/3 r. \u015bm.\/ Wtorek 12.11.2024r. &nbsp; 7.00 1. +Zbigniew 2. +Maria Zubik of. Maria Semenowicz 3. +Wypominkowa \/3\/ &#8211; \/poza Parafi\u0105\/ \u015aroda 13.11.2024r. \u00a0 \u00a0 7.00 -Dzi\u0119kczynna z pro\u015bb\u0105 o \u0142ask\u0119 zdrowia dla rodziny 17.00 1. +Stanis\u0142aw<span class=\"more-link\"><a href=\"https:\/\/parafiabesko.pl\/?p=10788\">Czytaj wi\u0119cej<\/a><\/span><\/p>\n","protected":false},"author":1,"featured_media":0,"comment_status":"closed","ping_status":"open","sticky":false,"template":"","format":"standard","meta":{"footnotes":""},"categories":[4],"tags":[],"class_list":["entry","author-adminparafiibesko","post-10788","post","type-post","status-publish","format-standard","category-intencje-mszalne"],"_links":{"self":[{"href":"https:\/\/parafiabesko.pl\/index.php?rest_route=\/wp\/v2\/posts\/10788","targetHints":{"allow":["GET"]}}],"collection":[{"href":"https:\/\/parafiabesko.pl\/index.php?rest_route=\/wp\/v2\/posts"}],"about":[{"href":"https:\/\/parafiabesko.pl\/index.php?rest_route=\/wp\/v2\/types\/post"}],"author":[{"embeddable":true,"href":"https:\/\/parafiabesko.pl\/index.php?rest_route=\/wp\/v2\/users\/1"}],"replies":[{"embeddable":true,"href":"https:\/\/parafiabesko.pl\/index.php?rest_route=%2Fwp%2Fv2%2Fcomments&post=10788"}],"version-history":[{"count":0,"href":"https:\/\/parafiabesko.pl\/index.php?rest_route=\/wp\/v2\/posts\/10788\/revisions"}],"wp:attachment":[{"href":"https:\/\/parafiabesko.pl\/index.php?rest_route=%2Fwp%2Fv2%2Fmedia&parent=10788"}],"wp:term":[{"taxonomy":"category","embeddable":true,"href":"https:\/\/parafiabesko.pl\/index.php?rest_route=%2Fwp%2Fv2%2Fcategories&post=10788"},{"taxonomy":"post_tag","embeddable":true,"href":"https:\/\/parafiabesko.pl\/index.php?rest_route=%2Fwp%2Fv2%2Ftags&post=10788"}],"curies":[{"name":"wp","href":"https:\/\/api.w.org\/{rel}","templated":true}]}}