{"id":10785,"date":"2024-11-03T20:27:30","date_gmt":"2024-11-03T20:27:30","guid":{"rendered":"https:\/\/parafiabesko.pl\/?p=10785"},"modified":"2024-11-03T20:27:30","modified_gmt":"2024-11-03T20:27:30","slug":"ogloszenia-parafialne-31-niedziela-zwykla-3-11-2024r","status":"publish","type":"post","link":"https:\/\/parafiabesko.pl\/?p=10785","title":{"rendered":"Og\u0142oszenia parafialne 31 Niedziela zwyk\u0142a 3.11.2024r."},"content":{"rendered":"<h3>Dzisiaj <strong>Niedziela Adoracyjna<\/strong>, od godziny 12.00 do 16.00 prywatna adoracja rodzin naszej Parafii. O godzinie 16.00 nabo\u017ce\u0144stwo r\u00f3\u017ca\u0144cowe i zmiana tajemnic, adoruje r\u00f3\u017ca Niepokalanego Serca NMP prze\u0142o\u017cona Anna Szul.<\/h3>\n<h3>Taca z dzisiejszej niedzieli przeznaczona jest na potrzeby Archidiecezji.<\/h3>\n<h3>Nabo\u017ce\u0144stwo wypominkowe codziennie po Mszy \u015bw. wieczorowej.<\/h3>\n<h3>Na chrzcielnicy s\u0105 wy\u0142o\u017cone kartki wypominkowe na kt\u00f3rych wpisujemy rodzin\u0119, kt\u00f3ra imienne poleca swoich bliskich zmar\u0142ych. W miesi\u0105cu listopadzie modlimy si\u0119 w \u015bwi\u0105tyni za tych zmar\u0142ych w modlitwie wypominkowej. Wype\u0142nione kartki wypominkowe sk\u0142adamy u ksi\u0119\u017cy wikariuszy.<\/h3>\n<h3><strong><u>Og\u0142oszenie grzeczno\u015bciowe<\/u><\/strong> Zwracamy si\u0119 do Parafian z serdeczn\u0105 pro\u015bb\u0105, aby, gdy przyjdzie czas usuni\u0119cia z grob\u00f3w \u017cywych kwiat\u00f3w po uschni\u0119ciu, to bardzo prosimy oddzieli\u0107 cz\u0119\u015bci plastikowe jak: doniczka, folia czy szarf i wrzuci\u0107 do kontenera na to przeznaczonego, natomiast cz\u0119\u015bci organiczne, jak zwi\u0119d\u0142e kwiaty wraz z korzeniami i ziemi\u0105 z\u0142o\u017cy\u0107 za kontenerami. U\u0142atwi to prac\u0119 i oszcz\u0119dzi koszty usuwania odpad\u00f3w z cmentarza. Za zrozumienie i zastosowanie si\u0119 do tej pro\u015bby serdecznie dzi\u0119kujemy.<\/h3>\n","protected":false},"excerpt":{"rendered":"<p>Dzisiaj Niedziela Adoracyjna, od godziny 12.00 do 16.00 prywatna adoracja rodzin naszej Parafii. O godzinie 16.00 nabo\u017ce\u0144stwo r\u00f3\u017ca\u0144cowe i zmiana tajemnic, adoruje r\u00f3\u017ca Niepokalanego Serca NMP prze\u0142o\u017cona Anna Szul. Taca z dzisiejszej niedzieli przeznaczona jest na potrzeby Archidiecezji. Nabo\u017ce\u0144stwo wypominkowe codziennie po Mszy \u015bw. wieczorowej. Na chrzcielnicy s\u0105 wy\u0142o\u017cone kartki<span class=\"more-link\"><a href=\"https:\/\/parafiabesko.pl\/?p=10785\">Czytaj wi\u0119cej<\/a><\/span><\/p>\n","protected":false},"author":1,"featured_media":0,"comment_status":"closed","ping_status":"open","sticky":false,"template":"","format":"standard","meta":{"footnotes":""},"categories":[7],"tags":[],"class_list":["entry","author-adminparafiibesko","post-10785","post","type-post","status-publish","format-standard","category-ogloszenia-parafialne"],"_links":{"self":[{"href":"https:\/\/parafiabesko.pl\/index.php?rest_route=\/wp\/v2\/posts\/10785","targetHints":{"allow":["GET"]}}],"collection":[{"href":"https:\/\/parafiabesko.pl\/index.php?rest_route=\/wp\/v2\/posts"}],"about":[{"href":"https:\/\/parafiabesko.pl\/index.php?rest_route=\/wp\/v2\/types\/post"}],"author":[{"embeddable":true,"href":"https:\/\/parafiabesko.pl\/index.php?rest_route=\/wp\/v2\/users\/1"}],"replies":[{"embeddable":true,"href":"https:\/\/parafiabesko.pl\/index.php?rest_route=%2Fwp%2Fv2%2Fcomments&post=10785"}],"version-history":[{"count":0,"href":"https:\/\/parafiabesko.pl\/index.php?rest_route=\/wp\/v2\/posts\/10785\/revisions"}],"wp:attachment":[{"href":"https:\/\/parafiabesko.pl\/index.php?rest_route=%2Fwp%2Fv2%2Fmedia&parent=10785"}],"wp:term":[{"taxonomy":"category","embeddable":true,"href":"https:\/\/parafiabesko.pl\/index.php?rest_route=%2Fwp%2Fv2%2Fcategories&post=10785"},{"taxonomy":"post_tag","embeddable":true,"href":"https:\/\/parafiabesko.pl\/index.php?rest_route=%2Fwp%2Fv2%2Ftags&post=10785"}],"curies":[{"name":"wp","href":"https:\/\/api.w.org\/{rel}","templated":true}]}}