{"id":10783,"date":"2024-11-03T20:25:02","date_gmt":"2024-11-03T20:25:02","guid":{"rendered":"https:\/\/parafiabesko.pl\/?p=10783"},"modified":"2024-11-03T20:25:02","modified_gmt":"2024-11-03T20:25:02","slug":"intencje-mszalne-4-10-11-2024r","status":"publish","type":"post","link":"https:\/\/parafiabesko.pl\/?p=10783","title":{"rendered":"Intencje mszalne 4-10.11.2024r"},"content":{"rendered":"<table>\n<tbody>\n<tr>\n<td rowspan=\"2\" width=\"166\"><strong>Poniedzia\u0142ek<\/strong><\/p>\n<p><strong>4.11.2024r.<\/strong><\/p>\n<p>&nbsp;<\/td>\n<td width=\"71\"><strong>7.00<\/strong><\/td>\n<td width=\"457\">+Wypominkowa \/2\/<\/td>\n<\/tr>\n<tr>\n<td width=\"71\"><strong>17.00<\/strong><\/td>\n<td width=\"457\">1. +Jan Sza\u0142ankiewicz<\/p>\n<p>2. +Tomasz, J\u00f3zef i zm. rodzice<\/td>\n<\/tr>\n<tr>\n<td rowspan=\"2\" width=\"166\"><strong>Wtorek<\/strong><\/p>\n<p><strong>5.11.2024r.<\/strong><\/p>\n<p><strong>\u00a0<\/strong><\/p>\n<p>&nbsp;<\/td>\n<td width=\"71\"><strong>7.00<\/strong><\/td>\n<td width=\"457\">-W 18 urodziny Weroniki z pro\u015bb\u0105 o b\u0142og. Bo\u017ce w doros\u0142ym \u017cyciu<\/td>\n<\/tr>\n<tr>\n<td width=\"71\"><strong>17.00<\/strong><\/td>\n<td width=\"457\">1. +J\u00f3zef, Maria Szmyd<\/p>\n<p>2. +Maria Czech of. m\u0105\u017c<\/td>\n<\/tr>\n<tr>\n<td rowspan=\"2\" width=\"166\"><strong>\u015aroda<\/strong><\/p>\n<p><strong>6.11.2024r.<\/strong><\/p>\n<p><strong>\u00a0<\/strong><\/p>\n<p><strong>\u00a0<\/strong><\/td>\n<td width=\"71\"><strong>7.00<\/strong><\/td>\n<td width=\"457\">+Artur, Andrzej, Mieczys\u0142aw<\/td>\n<\/tr>\n<tr>\n<td width=\"71\"><strong>17.00<\/strong><\/td>\n<td width=\"457\">1. +Zmarli z rodz. I\u017cowskich i Sza\u0142ankiewicz<\/p>\n<p>2. +Maria Czech of. siostra Zofia<\/td>\n<\/tr>\n<tr>\n<td rowspan=\"2\" width=\"166\"><strong>Czwartek<\/strong><\/p>\n<p><strong>7.11.2024r.<\/strong><\/p>\n<p><strong>\u00a0<\/strong><\/p>\n<p>&nbsp;<\/td>\n<td width=\"71\"><strong>7.00<\/strong><\/td>\n<td width=\"457\">+Wypominkowa \/3\/<\/td>\n<\/tr>\n<tr>\n<td width=\"71\"><strong>17.00<\/strong><\/td>\n<td width=\"457\">1. +Wies\u0142aw Gierad<\/p>\n<p>2. +Helena Szybka \/20 r. \u015bm.\/<\/td>\n<\/tr>\n<tr>\n<td rowspan=\"3\" width=\"166\"><strong>Pi\u0105tek<\/strong><\/p>\n<p><strong>8.11.2024r.<\/strong><\/p>\n<p><strong>\u00a0<\/strong><\/p>\n<p>&nbsp;<\/td>\n<td width=\"71\"><strong>7.00<\/strong><\/td>\n<td width=\"457\">+Piotr Sza\u0142ankiewicz of. Agata Stapi\u0144ska-Marsza\u0142ek z rodzin\u0105<\/td>\n<\/tr>\n<tr>\n<td width=\"71\"><strong>16.00<\/strong><\/td>\n<td width=\"457\">Msza \u015bw. w 50 rocznic\u0119 \u015blubu ma\u0142\u017ce\u0144stw z Gminy Besko<\/td>\n<\/tr>\n<tr>\n<td width=\"71\"><strong>17.00<\/strong><\/td>\n<td width=\"457\">1. +J\u00f3zef Czy\u017c \/20 r. \u015bm.\/ of. c\u00f3rka Bernadeta z rodzin\u0105<\/p>\n<p>2. +Stanis\u0142aw Mroczkowski \/poza Parafi\u0105\/<\/td>\n<\/tr>\n<tr>\n<td rowspan=\"2\" width=\"166\"><strong>Sobota<\/strong><\/p>\n<p><strong>9.11.2024r.<\/strong><\/p>\n<p><strong>\u00a0<\/strong><\/p>\n<p>&nbsp;<\/td>\n<td width=\"71\"><strong>7.00<\/strong><\/td>\n<td width=\"457\">+Za dusze w\u00a0 czyjscu cierpi\u0105ce<\/td>\n<\/tr>\n<tr>\n<td width=\"71\"><strong>17.00<\/strong><\/td>\n<td width=\"457\">1. +Jan, Natalia, Jan Smole\u0144<\/p>\n<p>2. +Stefani\u0119, Wies\u0142aw Ch\u0119\u0107<\/td>\n<\/tr>\n<tr>\n<td rowspan=\"4\" width=\"166\"><strong>Niedziela<\/strong><\/p>\n<p><strong>10.11.2024r.<\/strong><\/p>\n<p><strong>\u00a0<\/strong><\/p>\n<p>&nbsp;<\/td>\n<td width=\"71\"><strong>7.30<\/strong><\/td>\n<td width=\"457\">+Franciszek, Aniela, Jan Kwiatkowski<\/td>\n<\/tr>\n<tr>\n<td width=\"71\"><strong>9.15<\/strong><\/td>\n<td width=\"457\">+Maria Kasperkowicz \/3 r. \u015bm.\/<\/td>\n<\/tr>\n<tr>\n<td width=\"71\"><strong>11.00<\/strong><\/td>\n<td width=\"457\"><strong>Za Parafian<\/strong><\/td>\n<\/tr>\n<tr>\n<td width=\"71\"><strong>16.30<\/strong><\/td>\n<td width=\"457\">+Antoni, Stanis\u0142aw, Robert Mikosz<\/td>\n<\/tr>\n<\/tbody>\n<\/table>\n","protected":false},"excerpt":{"rendered":"<p>Poniedzia\u0142ek 4.11.2024r. &nbsp; 7.00 +Wypominkowa \/2\/ 17.00 1. +Jan Sza\u0142ankiewicz 2. +Tomasz, J\u00f3zef i zm. rodzice Wtorek 5.11.2024r. \u00a0 &nbsp; 7.00 -W 18 urodziny Weroniki z pro\u015bb\u0105 o b\u0142og. Bo\u017ce w doros\u0142ym \u017cyciu 17.00 1. +J\u00f3zef, Maria Szmyd 2. +Maria Czech of. m\u0105\u017c \u015aroda 6.11.2024r. \u00a0 \u00a0 7.00 +Artur, Andrzej,<span class=\"more-link\"><a href=\"https:\/\/parafiabesko.pl\/?p=10783\">Czytaj wi\u0119cej<\/a><\/span><\/p>\n","protected":false},"author":1,"featured_media":0,"comment_status":"closed","ping_status":"open","sticky":false,"template":"","format":"standard","meta":{"footnotes":""},"categories":[4],"tags":[],"class_list":["entry","author-adminparafiibesko","post-10783","post","type-post","status-publish","format-standard","category-intencje-mszalne"],"_links":{"self":[{"href":"https:\/\/parafiabesko.pl\/index.php?rest_route=\/wp\/v2\/posts\/10783","targetHints":{"allow":["GET"]}}],"collection":[{"href":"https:\/\/parafiabesko.pl\/index.php?rest_route=\/wp\/v2\/posts"}],"about":[{"href":"https:\/\/parafiabesko.pl\/index.php?rest_route=\/wp\/v2\/types\/post"}],"author":[{"embeddable":true,"href":"https:\/\/parafiabesko.pl\/index.php?rest_route=\/wp\/v2\/users\/1"}],"replies":[{"embeddable":true,"href":"https:\/\/parafiabesko.pl\/index.php?rest_route=%2Fwp%2Fv2%2Fcomments&post=10783"}],"version-history":[{"count":0,"href":"https:\/\/parafiabesko.pl\/index.php?rest_route=\/wp\/v2\/posts\/10783\/revisions"}],"wp:attachment":[{"href":"https:\/\/parafiabesko.pl\/index.php?rest_route=%2Fwp%2Fv2%2Fmedia&parent=10783"}],"wp:term":[{"taxonomy":"category","embeddable":true,"href":"https:\/\/parafiabesko.pl\/index.php?rest_route=%2Fwp%2Fv2%2Fcategories&post=10783"},{"taxonomy":"post_tag","embeddable":true,"href":"https:\/\/parafiabesko.pl\/index.php?rest_route=%2Fwp%2Fv2%2Ftags&post=10783"}],"curies":[{"name":"wp","href":"https:\/\/api.w.org\/{rel}","templated":true}]}}