{"id":10779,"date":"2024-10-27T16:57:25","date_gmt":"2024-10-27T16:57:25","guid":{"rendered":"https:\/\/parafiabesko.pl\/?p=10779"},"modified":"2024-10-27T16:57:25","modified_gmt":"2024-10-27T16:57:25","slug":"ogloszenia-parafialne-30-niedziela-zwykla-27-10-2024r","status":"publish","type":"post","link":"https:\/\/parafiabesko.pl\/?p=10779","title":{"rendered":"Og\u0142oszenia parafialne 30 Niedziela zwyk\u0142a 27.10.2024r."},"content":{"rendered":"<h3>W naszej Parafii spowied\u017a przed <strong>\u015awi\u0119tem Zmar\u0142ych <\/strong>b\u0119dzie w dniach:<\/h3>\n<h3>&#8211; <strong>Por\u0119by<\/strong>\u00a0 \u015broda o godz. 15.00 &#8211; spowiada trzech ksi\u0119\u017cy<\/h3>\n<h3>&#8211; <strong>Besko<\/strong> od godz. 16.00<\/h3>\n<h3>&#8211; <strong>Mymo\u0144<\/strong> czwartek o godz. 15.00 \u2013 spowiada trzech ksi\u0119\u017cy<\/h3>\n<h3>&#8211; <strong>Besko<\/strong> od godz. 16.00<\/h3>\n<h3>Zach\u0119camy, aby Parafianie skorzystali ze spowiedzi \u015bwi\u0119tej, a dary duchowe jak; Komunia \u015bwi\u0119ta i odpusty ofiarowali za zmar\u0142ych.<\/h3>\n<h3>W czwartek zako\u0144czenie nabo\u017ce\u0144stw pa\u017adziernikowych.<\/h3>\n<h3>We pi\u0105tek <strong>1 listopada Uroczysto\u015b\u0107 Wszystkich \u015awi\u0119tych<\/strong>.<\/h3>\n<h3>Porz\u0105dek Mszy \u015bwi\u0119tych:<\/h3>\n<h3><strong>Besko:<\/strong> 7.30, 9.15, 11.00. Zapraszamy Parafian po po\u0142udniu do ko\u015bcio\u0142a parafialnego na godz. 14.00 na Msz\u0119 \u015bw. za zmar\u0142ych Parafian, a\u00a0 po niej \u017ca\u0142obna procesja na cmentarz.<\/h3>\n<h3>Ko\u015bcio\u0142y filialne:<\/h3>\n<h3><strong>Mymo\u0144<\/strong>\u00a0 &#8211; 8.30 Msza \u015bw. i procesja \u017ca\u0142obna na cmentarz<\/h3>\n<h3><strong>Por\u0119by<\/strong> &#8211; 10.00 Msza \u015bw.<\/h3>\n<h3>Tradycyjne w Uroczysto\u015b\u0107 Wszystkich \u015awi\u0119tych przed cmentarzem parafialnym w Besku zbierane s\u0105 ofiary na PCK w Besku i Fundacj\u0119 \u201eWzrastanie\u201d.<\/h3>\n<h3>Miesi\u0105c listopad, stanowi okazj\u0119 do uzyskania odpustu zupe\u0142nego i ofiarowania go za zmar\u0142ych. Oto okoliczno\u015bci umo\u017cliwiaj\u0105ce uzyskanie odpustu w najbli\u017cszych dniach: Wierni, kt\u00f3rzy nawiedz\u0105 ko\u015bci\u00f3\u0142, kaplic\u0119 publiczn\u0105, lub p\u00f3\u0142publiczn\u0105 1 listopada od po\u0142udnia i przez ca\u0142y Dzie\u0144 Zaduszny, mog\u0105 dost\u0105pi\u0107 odpustu zupe\u0142nego za zmar\u0142ych. Mo\u017cna go uzyska\u0107 tylko jeden raz w ci\u0105gu dnia. Wierni, kt\u00f3rzy nawiedz\u0105 cmentarz i pomodl\u0105 si\u0119 mog\u0105 uzyska\u0107 odpust za zmar\u0142ych. Odpust jest zupe\u0142ny od 1 do 8 listopada, natomiast w inne dni roku jest cz\u0105stkowy.<\/h3>\n<h3>W sobot\u0119 <strong>2 listopada Wspomnienie Wszystkich Wiernych Zmar\u0142ych &#8211; Dzie\u0144 Zaduszny. <\/strong>Porz\u0105dek nabo\u017ce\u0144stw:<\/h3>\n<h3><strong>Besko:<\/strong><\/h3>\n<h3>\u00a0 7.00 Msza \u015bw. i nabo\u017ce\u0144stwo wypominkowe<\/h3>\n<h3>\u00a0 8.00 Msza \u015bw. i nabo\u017ce\u0144stwo wypominkowe<\/h3>\n<h3>17.00 Msza \u015bw. i nabo\u017ce\u0144stwo wypominkowe<\/h3>\n<h3><strong>Ko\u015bcio\u0142y filialne:<\/strong><\/h3>\n<h3><strong>Mymo\u0144 <\/strong>&#8211; godz. 16.00 Msza \u015bw. i nabo\u017ce\u0144stwo wypominkowe<\/h3>\n<h3><strong>Por\u0119by<\/strong> \u00a0&#8211; godz. 16.00 Msza \u015bw. i nabo\u017ce\u0144stwo wypominkowe<\/h3>\n<h3>Na chrzcielnicy s\u0105 wy\u0142o\u017cone kartki wypominkowe na kt\u00f3rych wpisujemy rodzin\u0119, kt\u00f3ra imienne poleca swoich bliskich zmar\u0142ych. W miesi\u0105cu listopadzie modlimy si\u0119 w \u015bwi\u0105tyni za tych zmar\u0142ych w modlitwie wypominkowej. Wype\u0142nione kartki wypominkowe sk\u0142adamy u ksi\u0119\u017cy wikariuszy.<\/h3>\n<h3>\u00a0W przysz\u0142\u0105 niedziel\u0119 \u2013 <strong>Niedziela Adoracyjna<\/strong>, od godziny 12.00 do 16.00 prywatna adoracja rodzin naszej Parafii. O godzinie 16.00 nabo\u017ce\u0144stwo r\u00f3\u017ca\u0144cowe i zmiana tajemnic, adoruje r\u00f3\u017ca Niepokalanego Serca NMP prze\u0142o\u017cona Anna Szul.<\/h3>\n<h3>Serdecznie dzi\u0119kujemy za z\u0142o\u017cone ofiary na prace przy naszym ko\u015bciele. B\u00f3g zap\u0142a\u0107!<\/h3>\n<h3>Dzi\u0119kujemy Andrzejowi i J\u00f3zefowi Szyndler za naprawienie blaszanych kapinos\u00f3w na balkonie nowego ko\u015bcio\u0142a. B\u00f3g zap\u0142a\u0107!<\/h3>\n<h3>Dzi\u0119kujemy rodzinie za ofiarowanie palmy do prezbiterium naszego ko\u015bcio\u0142a. B\u00f3g zap\u0142a\u0107!<\/h3>\n","protected":false},"excerpt":{"rendered":"<p>W naszej Parafii spowied\u017a przed \u015awi\u0119tem Zmar\u0142ych b\u0119dzie w dniach: &#8211; Por\u0119by\u00a0 \u015broda o godz. 15.00 &#8211; spowiada trzech ksi\u0119\u017cy &#8211; Besko od godz. 16.00 &#8211; Mymo\u0144 czwartek o godz. 15.00 \u2013 spowiada trzech ksi\u0119\u017cy &#8211; Besko od godz. 16.00 Zach\u0119camy, aby Parafianie skorzystali ze spowiedzi \u015bwi\u0119tej, a dary duchowe<span class=\"more-link\"><a href=\"https:\/\/parafiabesko.pl\/?p=10779\">Czytaj wi\u0119cej<\/a><\/span><\/p>\n","protected":false},"author":1,"featured_media":0,"comment_status":"closed","ping_status":"open","sticky":false,"template":"","format":"standard","meta":{"footnotes":""},"categories":[7],"tags":[],"class_list":["entry","author-adminparafiibesko","post-10779","post","type-post","status-publish","format-standard","category-ogloszenia-parafialne"],"_links":{"self":[{"href":"https:\/\/parafiabesko.pl\/index.php?rest_route=\/wp\/v2\/posts\/10779","targetHints":{"allow":["GET"]}}],"collection":[{"href":"https:\/\/parafiabesko.pl\/index.php?rest_route=\/wp\/v2\/posts"}],"about":[{"href":"https:\/\/parafiabesko.pl\/index.php?rest_route=\/wp\/v2\/types\/post"}],"author":[{"embeddable":true,"href":"https:\/\/parafiabesko.pl\/index.php?rest_route=\/wp\/v2\/users\/1"}],"replies":[{"embeddable":true,"href":"https:\/\/parafiabesko.pl\/index.php?rest_route=%2Fwp%2Fv2%2Fcomments&post=10779"}],"version-history":[{"count":0,"href":"https:\/\/parafiabesko.pl\/index.php?rest_route=\/wp\/v2\/posts\/10779\/revisions"}],"wp:attachment":[{"href":"https:\/\/parafiabesko.pl\/index.php?rest_route=%2Fwp%2Fv2%2Fmedia&parent=10779"}],"wp:term":[{"taxonomy":"category","embeddable":true,"href":"https:\/\/parafiabesko.pl\/index.php?rest_route=%2Fwp%2Fv2%2Fcategories&post=10779"},{"taxonomy":"post_tag","embeddable":true,"href":"https:\/\/parafiabesko.pl\/index.php?rest_route=%2Fwp%2Fv2%2Ftags&post=10779"}],"curies":[{"name":"wp","href":"https:\/\/api.w.org\/{rel}","templated":true}]}}