{"id":10776,"date":"2024-10-27T16:50:25","date_gmt":"2024-10-27T16:50:25","guid":{"rendered":"https:\/\/parafiabesko.pl\/?p=10776"},"modified":"2024-10-27T16:50:25","modified_gmt":"2024-10-27T16:50:25","slug":"intencje-mszalne-2810-3-11-2024r","status":"publish","type":"post","link":"https:\/\/parafiabesko.pl\/?p=10776","title":{"rendered":"Intencje mszalne 28.10.-3.11.2024r."},"content":{"rendered":"<table>\n<tbody>\n<tr>\n<td rowspan=\"2\" width=\"166\"><strong>Poniedzia\u0142ek<\/strong><\/p>\n<p><strong>28.10.2024.<\/strong><\/p>\n<p>&nbsp;<\/td>\n<td width=\"71\"><strong>7.00<\/strong><\/td>\n<td width=\"457\">+Robert Paduch of. koledzy brata z pracy<\/td>\n<\/tr>\n<tr>\n<td width=\"71\"><strong>17.00<\/strong><\/td>\n<td width=\"457\">1. +Tadeusz Nycz<\/p>\n<p>2. +Antoni, Antonina Sza\u0142ankiewicz, Stanis\u0142awa Futyma, Zofia Pawliszyn<\/td>\n<\/tr>\n<tr>\n<td rowspan=\"2\" width=\"166\"><strong>Wtorek<\/strong><\/p>\n<p><strong>29.10.2024r.<\/strong><\/p>\n<p>&nbsp;<\/td>\n<td width=\"71\"><strong>7.00<\/strong><\/td>\n<td width=\"457\">+Piotr Sza\u0142ankiewicz of. firma Dudu\u015b z Bukowska<\/td>\n<\/tr>\n<tr>\n<td width=\"71\"><strong>17.00<\/strong><\/td>\n<td width=\"457\">1. +Andrzej Suwa\u0142a \/8 r. \u015bm.\/<\/p>\n<p>2. +Barbara Szajna \/4 r. \u015bm.\/, Kazimierz<\/td>\n<\/tr>\n<tr>\n<td rowspan=\"2\" width=\"166\"><strong>\u015aroda<\/strong><\/p>\n<p><strong>30.10.2024r.<\/strong><\/p>\n<p><strong>\u00a0<\/strong><\/td>\n<td width=\"71\"><strong>7.00<\/strong><\/td>\n<td width=\"457\">+Anna Sokulska i zm. z rodziny<\/td>\n<\/tr>\n<tr>\n<td width=\"71\"><strong>17.00<\/strong><\/td>\n<td width=\"457\">1. +Eugeniusz, Albina Nycz<\/p>\n<p>2. \u2013W intencji Panu Bogu wiadomej<\/td>\n<\/tr>\n<tr>\n<td rowspan=\"2\" width=\"166\"><strong>Czwartek<\/strong><\/p>\n<p><strong>31.10.2024r.<\/strong><\/p>\n<p>&nbsp;<\/td>\n<td width=\"71\"><strong>7.00<\/strong><\/td>\n<td width=\"457\">+Boles\u0142aw Ziemia\u0144ski of. Maria, Bronis\u0142aw \u017b\u0142\u00f3\u0142kiewicz<\/td>\n<\/tr>\n<tr>\n<td width=\"71\"><strong>17.00<\/strong><\/td>\n<td width=\"457\">1.\u00a0 +Micha\u0142 Fedio \/12 r. \u015bm.\/<\/p>\n<p>2. +Lidia Koczera of. bracia<\/td>\n<\/tr>\n<tr>\n<td rowspan=\"4\" width=\"166\"><strong>Pi\u0105tek<\/strong><\/p>\n<p><strong>Wszystkich<\/strong><\/p>\n<p><strong>\u015bwi\u0119tych<\/strong><\/p>\n<p><strong>1.11.2024r.<\/strong><\/p>\n<p>&nbsp;<\/td>\n<td width=\"71\"><strong>7.30<\/strong><\/td>\n<td width=\"457\">+Edward Knurek \/4 r. \u015bm.\/ of. \u017cona i dzieci<\/td>\n<\/tr>\n<tr>\n<td width=\"71\"><strong>9.15<\/strong><\/td>\n<td width=\"457\">+Zofia, Bogumi\u0142a, Andrzej Kocha\u0144scy<\/td>\n<\/tr>\n<tr>\n<td width=\"71\"><strong>11.00<\/strong><\/td>\n<td width=\"457\">+Roman Mermer \/8 r. \u015bm.\/<\/td>\n<\/tr>\n<tr>\n<td width=\"71\"><strong>14.00<\/strong><\/td>\n<td width=\"457\">+W intencji wiernych zmar\u0142ych<\/td>\n<\/tr>\n<tr>\n<td rowspan=\"3\" width=\"166\"><strong>Sobota<\/strong><\/p>\n<p><strong>Dzie\u0144<\/strong><\/p>\n<p><strong>zaduszny<\/strong><\/p>\n<p><strong>2.11.2024r.<\/strong><\/p>\n<p>&nbsp;<\/td>\n<td width=\"71\"><strong>7.00<\/strong><\/td>\n<td width=\"457\">+Wypominkowa<\/td>\n<\/tr>\n<tr>\n<td width=\"71\"><strong>8.00<\/strong><\/td>\n<td width=\"457\">+Maria, J\u00f3zef Roman<\/td>\n<\/tr>\n<tr>\n<td width=\"71\"><strong>17.00<\/strong><\/td>\n<td width=\"457\">+Agnieszka i zm. z rodziny<\/td>\n<\/tr>\n<tr>\n<td rowspan=\"4\" width=\"166\"><strong>Niedziela<\/strong><\/p>\n<p><strong>3.11.2024r.<\/strong><\/p>\n<p>&nbsp;<\/td>\n<td width=\"71\"><strong>7.30<\/strong><\/td>\n<td width=\"457\">+Stanis\u0142aw\u0119 Adamsk\u0105 of. rodz. Zubik<\/td>\n<\/tr>\n<tr>\n<td width=\"71\"><strong>9.15<\/strong><\/td>\n<td width=\"457\">+Zdzis\u0142aw Bana\u015b of. \u017cona<\/td>\n<\/tr>\n<tr>\n<td width=\"71\"><strong>11.00<\/strong><\/td>\n<td width=\"457\"><strong>Za Parafian<\/strong><\/td>\n<\/tr>\n<tr>\n<td width=\"71\"><strong>16.30<\/strong><\/td>\n<td width=\"457\">+\u0141ukasz, Edward, Stanis\u0142aw Chyna\u0142<\/td>\n<\/tr>\n<\/tbody>\n<\/table>\n","protected":false},"excerpt":{"rendered":"<p>Poniedzia\u0142ek 28.10.2024. &nbsp; 7.00 +Robert Paduch of. koledzy brata z pracy 17.00 1. +Tadeusz Nycz 2. +Antoni, Antonina Sza\u0142ankiewicz, Stanis\u0142awa Futyma, Zofia Pawliszyn Wtorek 29.10.2024r. &nbsp; 7.00 +Piotr Sza\u0142ankiewicz of. firma Dudu\u015b z Bukowska 17.00 1. +Andrzej Suwa\u0142a \/8 r. \u015bm.\/ 2. +Barbara Szajna \/4 r. \u015bm.\/, Kazimierz \u015aroda 30.10.2024r.<span class=\"more-link\"><a href=\"https:\/\/parafiabesko.pl\/?p=10776\">Czytaj wi\u0119cej<\/a><\/span><\/p>\n","protected":false},"author":1,"featured_media":0,"comment_status":"closed","ping_status":"open","sticky":false,"template":"","format":"standard","meta":{"footnotes":""},"categories":[4],"tags":[],"class_list":["entry","author-adminparafiibesko","post-10776","post","type-post","status-publish","format-standard","category-intencje-mszalne"],"_links":{"self":[{"href":"https:\/\/parafiabesko.pl\/index.php?rest_route=\/wp\/v2\/posts\/10776","targetHints":{"allow":["GET"]}}],"collection":[{"href":"https:\/\/parafiabesko.pl\/index.php?rest_route=\/wp\/v2\/posts"}],"about":[{"href":"https:\/\/parafiabesko.pl\/index.php?rest_route=\/wp\/v2\/types\/post"}],"author":[{"embeddable":true,"href":"https:\/\/parafiabesko.pl\/index.php?rest_route=\/wp\/v2\/users\/1"}],"replies":[{"embeddable":true,"href":"https:\/\/parafiabesko.pl\/index.php?rest_route=%2Fwp%2Fv2%2Fcomments&post=10776"}],"version-history":[{"count":0,"href":"https:\/\/parafiabesko.pl\/index.php?rest_route=\/wp\/v2\/posts\/10776\/revisions"}],"wp:attachment":[{"href":"https:\/\/parafiabesko.pl\/index.php?rest_route=%2Fwp%2Fv2%2Fmedia&parent=10776"}],"wp:term":[{"taxonomy":"category","embeddable":true,"href":"https:\/\/parafiabesko.pl\/index.php?rest_route=%2Fwp%2Fv2%2Fcategories&post=10776"},{"taxonomy":"post_tag","embeddable":true,"href":"https:\/\/parafiabesko.pl\/index.php?rest_route=%2Fwp%2Fv2%2Ftags&post=10776"}],"curies":[{"name":"wp","href":"https:\/\/api.w.org\/{rel}","templated":true}]}}