{"id":10772,"date":"2024-10-19T19:06:51","date_gmt":"2024-10-19T19:06:51","guid":{"rendered":"https:\/\/parafiabesko.pl\/?p=10772"},"modified":"2024-10-19T19:06:51","modified_gmt":"2024-10-19T19:06:51","slug":"ogloszenia-parafialne-29-niedziela-zwykla-20-10-2024r","status":"publish","type":"post","link":"https:\/\/parafiabesko.pl\/?p=10772","title":{"rendered":"Og\u0142oszenia parafialne 29 Niedziela zwyk\u0142a 20.10.2024r."},"content":{"rendered":"<h3><strong>Dzisiaj Niedziela Misyjna.<\/strong> Ojciec \u015awi\u0119ty wyja\u015bnia ide\u0119 dnia misyjnego: \u201e\u015awiatowy Dzie\u0144 Misyjny jest uprzywilejowanym momentem, w kt\u00f3rym wierni z r\u00f3\u017cnych kontynent\u00f3w anga\u017cuj\u0105 si\u0119 poprzez modlitwy i konkretne gesty solidarno\u015bci we wspieranie m\u0142odych Ko\u015bcio\u0142\u00f3w na terenach misyjnych\u201d. Papie\u017c nazywa ten dzie\u0144 \u201e\u015bwi\u0119tem \u0142aski i rado\u015bci\u201d. Jak wyja\u015bnia, Duch\u00a0 \u015awi\u0119ty daje m\u0105dro\u015b\u0107 i m\u0119stwo tym, kt\u00f3rzy otwieraj\u0105 si\u0119 na Jego dzia\u0142anie. Z kolei \u015bwiadomo\u015b\u0107, \u017ce Jezus Chrystus wspiera dzie\u0142o misyjne i mu towarzyszy, wype\u0142nia serca g\u0142osz\u0105cych Dobr\u0105 Nowin\u0119 rado\u015bci\u0105. W \u015awiatowy Dzie\u0144 Misyjny w ko\u015bcio\u0142ach na ca\u0142ym \u015bwiecie zbierane s\u0105 ofiary na rzecz m\u0142odych Ko\u015bcio\u0142\u00f3w na terytoriach misyjnych. Papie\u017c zaznacza, \u017ce to okazja, by \u201eo\u017cywi\u0107 pragnienie i obowi\u0105zek moralny radosnego uczestniczenia w misji\u00a0<em>ad gentes<\/em>\u201d.<\/h3>\n<h3>Taca z dzisiejszej niedzieli przeznaczona jest na pomoc misjom.<\/h3>\n<h3>Dzisiaj po Mszach \u015bwi\u0119tych mo\u017cna naby\u0107 kartki wypominkowe na kt\u00f3rych wpisujemy rodzin\u0119, kt\u00f3ra imienne poleca swoich bliskich zmar\u0142ych. W miesi\u0105cu listopadzie b\u0119dziemy w \u015bwi\u0105tyni wspomina\u0107 tych zmar\u0142ych w modlitwie wypominkowej. Za zmar\u0142ych polecanych w \u201eWypominkach\u201d zostan\u0105 odprawione 4 Msze \u015bwi\u0119te. Wype\u0142nione kartki wypominkowe sk\u0142adamy u ksi\u0119\u017cy wikariuszy. W ko\u015bcio\u0142ach filialnych nabo\u017ce\u0144stwo wypominkowe po niedzielnych Mszach \u015bwi\u0119tych.<\/h3>\n<h3>Nabo\u017ce\u0144stwo r\u00f3\u017ca\u0144cowe w dni powszednie o godz. 17.00. Zach\u0119camy dzieci, m\u0142odzie\u017c i doros\u0142ych do udzia\u0142u w modlitwie r\u00f3\u017ca\u0144cowej. W ko\u015bcio\u0142ach filialnych r\u00f3\u017caniec codziennie w dni powszednie o godz. 17.00, a w niedziele po Mszy \u015bw. prowadz\u0105 r\u00f3\u017ce r\u00f3\u017ca\u0144cowe.<\/h3>\n<h3>Dzisiaj 20 pa\u017adziernika Katolickie Stowarzyszenie M\u0142odzie\u017cy w Besku po ka\u017cdej Mszy \u015bw. b\u0119dzie rozprowadza\u0107 krem\u00f3wki. Ofiary zebrane to cegie\u0142ka na funkcjonowanie naszej wsp\u00f3lnoty. Zach\u0119camy do wsparcia tej inicjatywy.<\/h3>\n<h3>Dzisiaj po wieczorowej Mszy \u015bw. spotkanie Akcji Katolickiej.<\/h3>\n","protected":false},"excerpt":{"rendered":"<p>Dzisiaj Niedziela Misyjna. Ojciec \u015awi\u0119ty wyja\u015bnia ide\u0119 dnia misyjnego: \u201e\u015awiatowy Dzie\u0144 Misyjny jest uprzywilejowanym momentem, w kt\u00f3rym wierni z r\u00f3\u017cnych kontynent\u00f3w anga\u017cuj\u0105 si\u0119 poprzez modlitwy i konkretne gesty solidarno\u015bci we wspieranie m\u0142odych Ko\u015bcio\u0142\u00f3w na terenach misyjnych\u201d. Papie\u017c nazywa ten dzie\u0144 \u201e\u015bwi\u0119tem \u0142aski i rado\u015bci\u201d. Jak wyja\u015bnia, Duch\u00a0 \u015awi\u0119ty daje m\u0105dro\u015b\u0107<span class=\"more-link\"><a href=\"https:\/\/parafiabesko.pl\/?p=10772\">Czytaj wi\u0119cej<\/a><\/span><\/p>\n","protected":false},"author":1,"featured_media":0,"comment_status":"closed","ping_status":"open","sticky":false,"template":"","format":"standard","meta":{"footnotes":""},"categories":[7],"tags":[],"class_list":["entry","author-adminparafiibesko","post-10772","post","type-post","status-publish","format-standard","category-ogloszenia-parafialne"],"_links":{"self":[{"href":"https:\/\/parafiabesko.pl\/index.php?rest_route=\/wp\/v2\/posts\/10772","targetHints":{"allow":["GET"]}}],"collection":[{"href":"https:\/\/parafiabesko.pl\/index.php?rest_route=\/wp\/v2\/posts"}],"about":[{"href":"https:\/\/parafiabesko.pl\/index.php?rest_route=\/wp\/v2\/types\/post"}],"author":[{"embeddable":true,"href":"https:\/\/parafiabesko.pl\/index.php?rest_route=\/wp\/v2\/users\/1"}],"replies":[{"embeddable":true,"href":"https:\/\/parafiabesko.pl\/index.php?rest_route=%2Fwp%2Fv2%2Fcomments&post=10772"}],"version-history":[{"count":0,"href":"https:\/\/parafiabesko.pl\/index.php?rest_route=\/wp\/v2\/posts\/10772\/revisions"}],"wp:attachment":[{"href":"https:\/\/parafiabesko.pl\/index.php?rest_route=%2Fwp%2Fv2%2Fmedia&parent=10772"}],"wp:term":[{"taxonomy":"category","embeddable":true,"href":"https:\/\/parafiabesko.pl\/index.php?rest_route=%2Fwp%2Fv2%2Fcategories&post=10772"},{"taxonomy":"post_tag","embeddable":true,"href":"https:\/\/parafiabesko.pl\/index.php?rest_route=%2Fwp%2Fv2%2Ftags&post=10772"}],"curies":[{"name":"wp","href":"https:\/\/api.w.org\/{rel}","templated":true}]}}