{"id":10767,"date":"2024-10-12T15:31:47","date_gmt":"2024-10-12T15:31:47","guid":{"rendered":"https:\/\/parafiabesko.pl\/?p=10767"},"modified":"2024-10-12T15:31:47","modified_gmt":"2024-10-12T15:31:47","slug":"ogloszenia-parafialne-28-niedziela-zwykla-13-10-2024r","status":"publish","type":"post","link":"https:\/\/parafiabesko.pl\/?p=10767","title":{"rendered":"Og\u0142oszenia parafialne 28 Niedziela zwyk\u0142a 13.10.2024r."},"content":{"rendered":"<h3>Dzisiaj obchodzimy <strong><u>XXIV Dzie\u0144 Papieski pod has\u0142em \u201eJAN PAWE\u0141 II. EWANGELIA STARO\u015aCI I CIERPIENIA\u201d.<\/u><\/strong> W ca\u0142ej Polsce odb\u0119dzie si\u0119 zbi\u00f3rka po Mszach \u015bw. na \u201e\u017cywy pomnik\u201d Papie\u017ca \u2013 Polaka: stypendia dla zdolnej m\u0142odzie\u017cy z ubogich rodzin. Organizatorem Dnia Papieskiego jest Fundacja \u201eDzie\u0142o Nowego Tysi\u0105clecia\u201d. Od lat Fundacja utrzymuje ok. 2 tys. stypendyst\u00f3w. Wspierani s\u0105 oni od 7 klasy szko\u0142y podstawowej a\u017c do zako\u0144czenia studi\u00f3w Ka\u017cdego roku ok. 200 z nich zdobywa wykszta\u0142cenie i przeprowadzany jest nab\u00f3r 200 &#8211; 250 nowych uczni\u00f3w. W ci\u0105gu 24 lat istnienia Fundacji Dzie\u0142o Nowego Tysi\u0105clecia wsparciem obj\u0119to ju\u017c ponad 7 tys. m\u0142odych.<\/h3>\n<h3>Nabo\u017ce\u0144stwo r\u00f3\u017ca\u0144cowe w dni powszednie o godz. 17.00, a w niedziel\u0119 o godz. 16.00. Zach\u0119camy dzieci, m\u0142odzie\u017c i doros\u0142ych do udzia\u0142u w modlitwie r\u00f3\u017ca\u0144cowej. W ko\u015bcio\u0142ach filialnych r\u00f3\u017caniec codziennie w dni powszednie o godz. 17.00, a w niedziele po Mszy \u015bw. prowadz\u0105 r\u00f3\u017ce r\u00f3\u017ca\u0144cowe.<\/h3>\n<h3>Jutro 14 pa\u017adziernika wypada Dzie\u0144 Edukacji Narodowej czyli Dzie\u0144 Nauczyciela wraz z modlitw\u0105 sk\u0142adamy podzi\u0119kowanie nauczycielom, katechetom, wychowawcom i wszystkim pracownikom o\u015bwiaty za trud nauczania i wychowania.<\/h3>\n<h3>W pi\u0105tek przypada \u015bwi\u0119to \u015bw. \u0141ukasza. Modlimy si\u0119 w intencji s\u0142u\u017cby zdrowia.<\/h3>\n<h3>W przysz\u0142\u0105 niedziel\u0119 20 pa\u017adziernika obchodzimy \u2013 Niedziela Misyjna modlimy si\u0119 w intencji Misji \u015bwi\u0119tych, a ofiary sk\u0142adane na tac\u0105 przeznaczone s\u0105 na Misje \u015bwi\u0119te.<\/h3>\n<h3><strong><u>W tym tygodniu b\u0119dzie sk\u0142adka po domach na prace przy naszym ko\u015bciele.<\/u><\/strong><\/h3>\n<h3>W przysz\u0142\u0105 niedziel\u0119 20 pa\u017adziernika Katolickie Stowarzyszenie M\u0142odzie\u017cy w Besku po ka\u017cdej Mszy \u015bw. b\u0119dzie rozprowadza\u0107 krem\u00f3wki. Ofiary zebrane to cegie\u0142ka na funkcjonowanie naszej wsp\u00f3lnoty. Ofiara minimum 10 z\u0142. Zach\u0119camy do wsparcia tej inicjatywy.<\/h3>\n","protected":false},"excerpt":{"rendered":"<p>Dzisiaj obchodzimy XXIV Dzie\u0144 Papieski pod has\u0142em \u201eJAN PAWE\u0141 II. EWANGELIA STARO\u015aCI I CIERPIENIA\u201d. W ca\u0142ej Polsce odb\u0119dzie si\u0119 zbi\u00f3rka po Mszach \u015bw. na \u201e\u017cywy pomnik\u201d Papie\u017ca \u2013 Polaka: stypendia dla zdolnej m\u0142odzie\u017cy z ubogich rodzin. Organizatorem Dnia Papieskiego jest Fundacja \u201eDzie\u0142o Nowego Tysi\u0105clecia\u201d. Od lat Fundacja utrzymuje ok. 2<span class=\"more-link\"><a href=\"https:\/\/parafiabesko.pl\/?p=10767\">Czytaj wi\u0119cej<\/a><\/span><\/p>\n","protected":false},"author":1,"featured_media":0,"comment_status":"closed","ping_status":"open","sticky":false,"template":"","format":"standard","meta":{"footnotes":""},"categories":[7],"tags":[],"class_list":["entry","author-adminparafiibesko","post-10767","post","type-post","status-publish","format-standard","category-ogloszenia-parafialne"],"_links":{"self":[{"href":"https:\/\/parafiabesko.pl\/index.php?rest_route=\/wp\/v2\/posts\/10767","targetHints":{"allow":["GET"]}}],"collection":[{"href":"https:\/\/parafiabesko.pl\/index.php?rest_route=\/wp\/v2\/posts"}],"about":[{"href":"https:\/\/parafiabesko.pl\/index.php?rest_route=\/wp\/v2\/types\/post"}],"author":[{"embeddable":true,"href":"https:\/\/parafiabesko.pl\/index.php?rest_route=\/wp\/v2\/users\/1"}],"replies":[{"embeddable":true,"href":"https:\/\/parafiabesko.pl\/index.php?rest_route=%2Fwp%2Fv2%2Fcomments&post=10767"}],"version-history":[{"count":0,"href":"https:\/\/parafiabesko.pl\/index.php?rest_route=\/wp\/v2\/posts\/10767\/revisions"}],"wp:attachment":[{"href":"https:\/\/parafiabesko.pl\/index.php?rest_route=%2Fwp%2Fv2%2Fmedia&parent=10767"}],"wp:term":[{"taxonomy":"category","embeddable":true,"href":"https:\/\/parafiabesko.pl\/index.php?rest_route=%2Fwp%2Fv2%2Fcategories&post=10767"},{"taxonomy":"post_tag","embeddable":true,"href":"https:\/\/parafiabesko.pl\/index.php?rest_route=%2Fwp%2Fv2%2Ftags&post=10767"}],"curies":[{"name":"wp","href":"https:\/\/api.w.org\/{rel}","templated":true}]}}