{"id":10765,"date":"2024-10-12T15:28:07","date_gmt":"2024-10-12T15:28:07","guid":{"rendered":"https:\/\/parafiabesko.pl\/?p=10765"},"modified":"2024-10-12T15:28:07","modified_gmt":"2024-10-12T15:28:07","slug":"intencje-mszalne-14-20-10-2024r","status":"publish","type":"post","link":"https:\/\/parafiabesko.pl\/?p=10765","title":{"rendered":"Intencje mszalne 14-20.10.2024r."},"content":{"rendered":"<table>\n<tbody>\n<tr>\n<td rowspan=\"2\" width=\"166\"><strong>Poniedzia\u0142ek<\/strong><\/p>\n<p><strong>14.10.2024r.<\/strong><\/p>\n<p>&nbsp;<\/td>\n<td width=\"71\"><strong>7.00<\/strong><\/td>\n<td width=\"457\">+Janina Kwocza\u0142a<\/td>\n<\/tr>\n<tr>\n<td width=\"71\"><strong>17.00<\/strong><\/td>\n<td width=\"457\">1. +Kazimier\u0119, Edward Budziak, Maria, Franciszek Rzo\u0144ca i ks. W\u0142adys\u0142aw Stanek<\/p>\n<p>2. +Zuzanna, Kazimierz Szuba<\/td>\n<\/tr>\n<tr>\n<td rowspan=\"2\" width=\"166\"><strong>Wtorek<\/strong><\/p>\n<p><strong>15.10.2024r.<\/strong><\/p>\n<p>&nbsp;<\/td>\n<td width=\"71\"><strong>7.00<\/strong><\/td>\n<td width=\"457\">+Boles\u0142aw Ziemia\u0144ski of. synowie<\/td>\n<\/tr>\n<tr>\n<td width=\"71\"><strong>17.00<\/strong><\/td>\n<td width=\"457\">1. +J\u00f3zef \/18 r. \u015bm.\/ i Stanis\u0142aw\u0119<\/p>\n<p>2. +J\u00f3zef i Stanis\u0142aw\u0119 Mermer<\/td>\n<\/tr>\n<tr>\n<td rowspan=\"2\" width=\"166\"><strong>\u015aroda<\/strong><\/p>\n<p><strong>16.10.2024r.<\/strong><\/p>\n<p><strong>\u00a0<\/strong><\/td>\n<td width=\"71\"><strong>7.00<\/strong><\/td>\n<td width=\"457\">+Zofia Szcz\u0119sna<\/td>\n<\/tr>\n<tr>\n<td width=\"71\"><strong>17.00<\/strong><\/td>\n<td width=\"457\">1. +Jan \/57 r. \u015bm.\/, Michalina Szul oraz zmarli rodzice i dzieci<\/p>\n<p>2. +Bronis\u0142aw Mermer, Helena, J\u00f3zef, Jan, Leszek<\/td>\n<\/tr>\n<tr>\n<td rowspan=\"2\" width=\"166\"><strong>Czwartek<\/strong><\/p>\n<p><strong>17.10.2024r.<\/strong><\/p>\n<p>&nbsp;<\/td>\n<td width=\"71\"><strong>7.00<\/strong><\/td>\n<td width=\"457\">+Piotr Sza\u0142ankiewicz of. c\u00f3rka z rodzin\u0105<\/td>\n<\/tr>\n<tr>\n<td width=\"71\"><strong>17.00<\/strong><\/td>\n<td width=\"457\">1. +Maria, J\u00f3zef Mermer i zm. z rodziny<\/p>\n<p>2. +J\u00f3zef Kwiatkowski of. koledzy z pracy syna Andrzeja<\/td>\n<\/tr>\n<tr>\n<td rowspan=\"2\" width=\"166\"><strong>Pi\u0105tek<\/strong><\/p>\n<p><strong>18.10.2024r.<\/strong><\/p>\n<p>&nbsp;<\/td>\n<td width=\"71\"><strong>7.00<\/strong><\/td>\n<td width=\"457\">+Robert Paduch of. s\u0105siedzi<\/td>\n<\/tr>\n<tr>\n<td width=\"71\"><strong>17.00<\/strong><\/td>\n<td width=\"457\">1. +Kazimier\u0119 \/3 r. \u015bm.\/, J\u00f3zef Szybka<\/p>\n<p>2. +Stanis\u0142aw Fedio i zm. z rodziny<\/td>\n<\/tr>\n<tr>\n<td rowspan=\"2\" width=\"166\"><strong>Sobota<\/strong><\/p>\n<p><strong>19.10.2024r.<\/strong><\/p>\n<p>&nbsp;<\/td>\n<td width=\"71\"><strong>7.00<\/strong><\/td>\n<td width=\"457\">+Za zmar\u0142e siostry z r\u00f3\u017cy MB Mi\u0142osierdzia prze\u0142o\u017cona Teresa Marchel<\/td>\n<\/tr>\n<tr>\n<td width=\"71\"><strong>17.00<\/strong><\/td>\n<td width=\"457\">1. +Maria, Stanis\u0142aw Bogusz<\/p>\n<p>2. +Edward Czech i zm. z rodziny<\/td>\n<\/tr>\n<tr>\n<td rowspan=\"4\" width=\"166\"><strong>Niedziela<\/strong><\/p>\n<p><strong>20.10.2024r.<\/strong><\/p>\n<p>&nbsp;<\/td>\n<td width=\"71\"><strong>7.30<\/strong><\/td>\n<td width=\"457\">+Genowef\u0119 Focik \/9 r. \u015bm.\/ i zm. z rodziny<\/td>\n<\/tr>\n<tr>\n<td width=\"71\"><strong>9.15<\/strong><\/td>\n<td width=\"457\">+Tadeusz Saj of. rodzina Zubik<\/td>\n<\/tr>\n<tr>\n<td width=\"71\"><strong>11.00<\/strong><\/td>\n<td width=\"457\"><strong>Za Parafian<\/strong><\/td>\n<\/tr>\n<tr>\n<td width=\"71\"><strong>16.30<\/strong><\/td>\n<td width=\"457\">+Za zmar\u0142e siostry z r\u00f3\u017cy \u015bw. Jadwigi<\/td>\n<\/tr>\n<\/tbody>\n<\/table>\n","protected":false},"excerpt":{"rendered":"<p>Poniedzia\u0142ek 14.10.2024r. &nbsp; 7.00 +Janina Kwocza\u0142a 17.00 1. +Kazimier\u0119, Edward Budziak, Maria, Franciszek Rzo\u0144ca i ks. W\u0142adys\u0142aw Stanek 2. +Zuzanna, Kazimierz Szuba Wtorek 15.10.2024r. &nbsp; 7.00 +Boles\u0142aw Ziemia\u0144ski of. synowie 17.00 1. +J\u00f3zef \/18 r. \u015bm.\/ i Stanis\u0142aw\u0119 2. +J\u00f3zef i Stanis\u0142aw\u0119 Mermer \u015aroda 16.10.2024r. \u00a0 7.00 +Zofia Szcz\u0119sna 17.00<span class=\"more-link\"><a href=\"https:\/\/parafiabesko.pl\/?p=10765\">Czytaj wi\u0119cej<\/a><\/span><\/p>\n","protected":false},"author":1,"featured_media":0,"comment_status":"closed","ping_status":"open","sticky":false,"template":"","format":"standard","meta":{"footnotes":""},"categories":[4],"tags":[],"class_list":["entry","author-adminparafiibesko","post-10765","post","type-post","status-publish","format-standard","category-intencje-mszalne"],"_links":{"self":[{"href":"https:\/\/parafiabesko.pl\/index.php?rest_route=\/wp\/v2\/posts\/10765","targetHints":{"allow":["GET"]}}],"collection":[{"href":"https:\/\/parafiabesko.pl\/index.php?rest_route=\/wp\/v2\/posts"}],"about":[{"href":"https:\/\/parafiabesko.pl\/index.php?rest_route=\/wp\/v2\/types\/post"}],"author":[{"embeddable":true,"href":"https:\/\/parafiabesko.pl\/index.php?rest_route=\/wp\/v2\/users\/1"}],"replies":[{"embeddable":true,"href":"https:\/\/parafiabesko.pl\/index.php?rest_route=%2Fwp%2Fv2%2Fcomments&post=10765"}],"version-history":[{"count":0,"href":"https:\/\/parafiabesko.pl\/index.php?rest_route=\/wp\/v2\/posts\/10765\/revisions"}],"wp:attachment":[{"href":"https:\/\/parafiabesko.pl\/index.php?rest_route=%2Fwp%2Fv2%2Fmedia&parent=10765"}],"wp:term":[{"taxonomy":"category","embeddable":true,"href":"https:\/\/parafiabesko.pl\/index.php?rest_route=%2Fwp%2Fv2%2Fcategories&post=10765"},{"taxonomy":"post_tag","embeddable":true,"href":"https:\/\/parafiabesko.pl\/index.php?rest_route=%2Fwp%2Fv2%2Ftags&post=10765"}],"curies":[{"name":"wp","href":"https:\/\/api.w.org\/{rel}","templated":true}]}}