{"id":10761,"date":"2024-10-05T15:54:25","date_gmt":"2024-10-05T15:54:25","guid":{"rendered":"https:\/\/parafiabesko.pl\/?p=10761"},"modified":"2024-10-05T15:54:25","modified_gmt":"2024-10-05T15:54:25","slug":"ogloszenia-parafialne-27-niedziela-zwykla-6-10-2024r","status":"publish","type":"post","link":"https:\/\/parafiabesko.pl\/?p=10761","title":{"rendered":"Og\u0142oszenia parafialne 27 Niedziela zwyk\u0142a 6.10.2024r."},"content":{"rendered":"<h3>Dzisiaj Niedziela Adoracyjna, od godziny 12.00 do 16.00 prywatna adoracja rodzin<strong> o godzinie 16.00 \u2013 procesja r\u00f3\u017ca\u0144cowa do pi\u0119ciu o\u0142tarzy i zmiana tajemnic r\u00f3\u017ca\u0144cowych. <\/strong><\/h3>\n<h3>Taca z dzisiejszej niedzieli przeznaczona jest na Wy\u017csze Seminarium Duchowne w Przemy\u015blu.<\/h3>\n<h3>Nabo\u017ce\u0144stwo r\u00f3\u017ca\u0144cowe w dni powszednie o godzinie 17.00, a w niedziel\u0119 o godzinie 16.00. Zach\u0119camy dzieci, m\u0142odzie\u017c i doros\u0142ych do udzia\u0142u w modlitwie r\u00f3\u017ca\u0144cowej. Tradycyjnie dla dzieci Parafia przygotowa\u0142a w tym roku ksi\u0105\u017ceczk\u0119 do wklejania postaci \u015bwi\u0119tych, kt\u00f3rzy szczeg\u00f3lnie umi\u0142owali modlitw\u0119 r\u00f3\u017ca\u0144cow\u0105. W ko\u015bcio\u0142ach filialnych r\u00f3\u017caniec codziennie w dni powszednie o godz. 17.00, a w niedziele po Mszy \u015bw. prowadz\u0105 r\u00f3\u017ce r\u00f3\u017ca\u0144cowe.<\/h3>\n<h3>W czwartek 10 pa\u017adziernika <strong>wspomnienie b\u0142ogos\u0142awionej Marii Angeli Truszkowskiej dziewicy &#8211; za\u0142o\u017cycielki Zgromadzenia si\u00f3str Felicjanek<\/strong>, kt\u00f3re w naszej Parafii pe\u0142n\u0105 pos\u0142ug\u0119 od roku 1881. W tym dniu modlimy si\u0119 w intencji si\u00f3str, kt\u00f3re pracowa\u0142y i pracuj\u0105 w naszej Parafii o potrzebne dla nich \u0142aski.<\/h3>\n<h3>Za tydzie\u0144 w niedziel\u0119 obchodzimy <strong><u>XXIV Dzie\u0144 Papieski pod has\u0142em \u201eJAN PAWE\u0141 II. EWANGELIA STARO\u015aCI I CIERPIENIA\u201d.<\/u><\/strong> W ca\u0142ej Polsce odb\u0119dzie si\u0119 zbi\u00f3rka po Mszach \u015bw. na \u201e\u017cywy pomnik\u201d Papie\u017ca \u2013 Polaka: stypendia dla zdolnej m\u0142odzie\u017cy z ubogich rodzin. Organizatorem Dnia Papieskiego jest Fundacja \u201eDzie\u0142o Nowego Tysi\u0105clecia\u201d. Od lat Fundacja utrzymuje ok. 2 tys. stypendyst\u00f3w. Wspierani s\u0105 oni od 7 klasy szko\u0142y podstawowej a\u017c do zako\u0144czenia studi\u00f3w Ka\u017cdego roku ok. 200 z nich zdobywa wykszta\u0142cenie i przeprowadzany jest nab\u00f3r 200 &#8211; 250 nowych uczni\u00f3w. W ci\u0105gu 24 lat istnienia Fundacji Dzie\u0142o Nowego Tysi\u0105clecia wsparciem obj\u0119to ju\u017c ponad 7 tys. m\u0142odych.<\/h3>\n<h3>Dzi\u0119kujemy rodzinie Teresa, Jan Zubik za ofiarowanie nowej palmy do prezbiterium naszego ko\u015bcio\u0142a. B\u00f3g zap\u0142a\u0107.!<\/h3>\n","protected":false},"excerpt":{"rendered":"<p>Dzisiaj Niedziela Adoracyjna, od godziny 12.00 do 16.00 prywatna adoracja rodzin o godzinie 16.00 \u2013 procesja r\u00f3\u017ca\u0144cowa do pi\u0119ciu o\u0142tarzy i zmiana tajemnic r\u00f3\u017ca\u0144cowych. Taca z dzisiejszej niedzieli przeznaczona jest na Wy\u017csze Seminarium Duchowne w Przemy\u015blu. Nabo\u017ce\u0144stwo r\u00f3\u017ca\u0144cowe w dni powszednie o godzinie 17.00, a w niedziel\u0119 o godzinie 16.00.<span class=\"more-link\"><a href=\"https:\/\/parafiabesko.pl\/?p=10761\">Czytaj wi\u0119cej<\/a><\/span><\/p>\n","protected":false},"author":1,"featured_media":0,"comment_status":"closed","ping_status":"open","sticky":false,"template":"","format":"standard","meta":{"footnotes":""},"categories":[7],"tags":[],"class_list":["entry","author-adminparafiibesko","post-10761","post","type-post","status-publish","format-standard","category-ogloszenia-parafialne"],"_links":{"self":[{"href":"https:\/\/parafiabesko.pl\/index.php?rest_route=\/wp\/v2\/posts\/10761","targetHints":{"allow":["GET"]}}],"collection":[{"href":"https:\/\/parafiabesko.pl\/index.php?rest_route=\/wp\/v2\/posts"}],"about":[{"href":"https:\/\/parafiabesko.pl\/index.php?rest_route=\/wp\/v2\/types\/post"}],"author":[{"embeddable":true,"href":"https:\/\/parafiabesko.pl\/index.php?rest_route=\/wp\/v2\/users\/1"}],"replies":[{"embeddable":true,"href":"https:\/\/parafiabesko.pl\/index.php?rest_route=%2Fwp%2Fv2%2Fcomments&post=10761"}],"version-history":[{"count":0,"href":"https:\/\/parafiabesko.pl\/index.php?rest_route=\/wp\/v2\/posts\/10761\/revisions"}],"wp:attachment":[{"href":"https:\/\/parafiabesko.pl\/index.php?rest_route=%2Fwp%2Fv2%2Fmedia&parent=10761"}],"wp:term":[{"taxonomy":"category","embeddable":true,"href":"https:\/\/parafiabesko.pl\/index.php?rest_route=%2Fwp%2Fv2%2Fcategories&post=10761"},{"taxonomy":"post_tag","embeddable":true,"href":"https:\/\/parafiabesko.pl\/index.php?rest_route=%2Fwp%2Fv2%2Ftags&post=10761"}],"curies":[{"name":"wp","href":"https:\/\/api.w.org\/{rel}","templated":true}]}}