{"id":10759,"date":"2024-10-05T15:51:53","date_gmt":"2024-10-05T15:51:53","guid":{"rendered":"https:\/\/parafiabesko.pl\/?p=10759"},"modified":"2024-10-05T15:51:53","modified_gmt":"2024-10-05T15:51:53","slug":"intencje-mszalne-7-13-10-2024r","status":"publish","type":"post","link":"https:\/\/parafiabesko.pl\/?p=10759","title":{"rendered":"Intencje mszalne 7-13.10.2024r."},"content":{"rendered":"<table>\n<tbody>\n<tr>\n<td rowspan=\"2\" width=\"166\"><strong>Poniedzia\u0142ek<\/strong><\/p>\n<p><strong>7.10.2024r.<\/strong><\/p>\n<p>&nbsp;<\/td>\n<td width=\"71\"><strong>7.00<\/strong><\/td>\n<td width=\"457\">+Walerian Wr\u00f3bel\u00a0 \/3 r. \u015bm.\/ i zm. z rodziny<\/td>\n<\/tr>\n<tr>\n<td width=\"71\"><strong>17.00<\/strong><\/td>\n<td width=\"457\">1. +Antoni, Stanis\u0142aw\u0119 Bobak<\/p>\n<p>2. +Jan, Kazimiera Szul \/31 r. \u015bm.\/<\/td>\n<\/tr>\n<tr>\n<td rowspan=\"3\" width=\"166\"><strong>Wtorek<\/strong><\/p>\n<p><strong>8.10.2024r.<\/strong><\/p>\n<p>&nbsp;<\/td>\n<td width=\"71\"><strong>7.00<\/strong><\/td>\n<td width=\"457\">+Jozef, Zofia, Stanis\u0142aw i Kazimiera Skubel<\/td>\n<\/tr>\n<tr>\n<td width=\"71\"><strong>15.30<\/strong><\/td>\n<td width=\"457\">-Msza \u015bw. w intencji dzieci, rodzic\u00f3w, pracownik\u00f3w Przedszkola si\u00f3str Felicjanek<\/td>\n<\/tr>\n<tr>\n<td width=\"71\"><strong>17.00<\/strong><\/td>\n<td width=\"457\">1. +Dominik\u0119 \/4 r. \u015bm.\/<\/p>\n<p>2. +Edward, \u0141ukasz, Stanis\u0142aw Chyna\u0142<\/td>\n<\/tr>\n<tr>\n<td rowspan=\"2\" width=\"166\"><strong>\u015aroda<\/strong><\/p>\n<p><strong>9.10.2024r.<\/strong><\/p>\n<p><strong>\u00a0<\/strong><\/td>\n<td width=\"71\"><strong>7.00<\/strong><\/td>\n<td width=\"457\">+Stanis\u0142aw\u0119 Szweda of. siostra Teresa z dzie\u0107mi<\/td>\n<\/tr>\n<tr>\n<td width=\"71\"><strong>17.00<\/strong><\/td>\n<td width=\"457\">1. +J\u00f3zef Kruczkiewicz \/17 r. \u015bm.\/<\/p>\n<p>2. +Anna, Ludwik Zubik<\/td>\n<\/tr>\n<tr>\n<td rowspan=\"2\" width=\"166\"><strong>Czwartek<\/strong><\/p>\n<p><strong>10.10.2024r.<\/strong><\/p>\n<p>&nbsp;<\/td>\n<td width=\"71\"><strong>7.00<\/strong><\/td>\n<td width=\"457\">+Piotr Sza\u0142ankiewicz of. \u017cona<\/td>\n<\/tr>\n<tr>\n<td width=\"71\"><strong>17.00<\/strong><\/td>\n<td width=\"457\">1. +Agnieszka Matuszek<\/p>\n<p>2. +Jan \u017b\u00f3\u0142kiewicz \/35 r. \u015bm.\/<\/td>\n<\/tr>\n<tr>\n<td rowspan=\"2\" width=\"166\"><strong>Pi\u0105tek<\/strong><\/p>\n<p><strong>11.10.2024r.<\/strong><\/p>\n<p>&nbsp;<\/td>\n<td width=\"71\"><strong>7.00<\/strong><\/td>\n<td width=\"457\">+Marian<\/td>\n<\/tr>\n<tr>\n<td width=\"71\"><strong>17.00<\/strong><\/td>\n<td width=\"457\">1. +Krystyna Kraczkowska, Renata Krupska of. siostra Kazimiera<\/p>\n<p>2. +Stanis\u0142aw\u0119 Adamsk\u0105 of. s\u0105siedzi c\u00f3rki z ul. Lipowej<\/td>\n<\/tr>\n<tr>\n<td rowspan=\"2\" width=\"166\"><strong>Sobota<\/strong><\/p>\n<p><strong>12.10.2024r.<\/strong><\/p>\n<p>&nbsp;<\/td>\n<td width=\"71\"><strong>7.00<\/strong><\/td>\n<td width=\"457\">+Robert Paduch of. brat Bogdan z rodzin\u0105<\/td>\n<\/tr>\n<tr>\n<td width=\"71\"><strong>17.00<\/strong><\/td>\n<td width=\"457\">1. \u2013Podzi\u0119kowanie Panu Bogu za narodziny c\u00f3rki i \u0142ask\u0119 wiary dla niej<\/p>\n<p>2. \u2013 Dzi\u0119kczynna w 60 r. \u015blubu Bronis\u0142awy i J\u00f3zefa<\/p>\n<p>z pro\u015bb\u0105 o \u0142ask\u0119 zdrowia i opiek\u0119 Bo\u017c\u0105<\/td>\n<\/tr>\n<tr>\n<td rowspan=\"4\" width=\"166\"><strong>Niedziela<\/strong><\/p>\n<p><strong>13.10.2024r.<\/strong><\/p>\n<p>&nbsp;<\/td>\n<td width=\"71\"><strong>7.30<\/strong><\/td>\n<td width=\"457\">+Janina, Stanis\u0142aw Mroczkowscy of. wnukowie<\/td>\n<\/tr>\n<tr>\n<td width=\"71\"><strong>9.15<\/strong><\/td>\n<td width=\"457\">+Kazimiera Wn\u0119trzak \/30 r. \u015bm.\/ of. rodzina Kie\u0142tyk\u00f3w<\/td>\n<\/tr>\n<tr>\n<td width=\"71\"><strong>11.00<\/strong><\/td>\n<td width=\"457\"><strong>Za Parafian<\/strong><\/td>\n<\/tr>\n<tr>\n<td width=\"71\"><strong>16.30<\/strong><\/td>\n<td width=\"457\">+Marian i zm. z rodziny<\/td>\n<\/tr>\n<\/tbody>\n<\/table>\n","protected":false},"excerpt":{"rendered":"<p>Poniedzia\u0142ek 7.10.2024r. &nbsp; 7.00 +Walerian Wr\u00f3bel\u00a0 \/3 r. \u015bm.\/ i zm. z rodziny 17.00 1. +Antoni, Stanis\u0142aw\u0119 Bobak 2. +Jan, Kazimiera Szul \/31 r. \u015bm.\/ Wtorek 8.10.2024r. &nbsp; 7.00 +Jozef, Zofia, Stanis\u0142aw i Kazimiera Skubel 15.30 -Msza \u015bw. w intencji dzieci, rodzic\u00f3w, pracownik\u00f3w Przedszkola si\u00f3str Felicjanek 17.00 1. +Dominik\u0119 \/4<span class=\"more-link\"><a href=\"https:\/\/parafiabesko.pl\/?p=10759\">Czytaj wi\u0119cej<\/a><\/span><\/p>\n","protected":false},"author":1,"featured_media":0,"comment_status":"closed","ping_status":"open","sticky":false,"template":"","format":"standard","meta":{"footnotes":""},"categories":[4],"tags":[],"class_list":["entry","author-adminparafiibesko","post-10759","post","type-post","status-publish","format-standard","category-intencje-mszalne"],"_links":{"self":[{"href":"https:\/\/parafiabesko.pl\/index.php?rest_route=\/wp\/v2\/posts\/10759","targetHints":{"allow":["GET"]}}],"collection":[{"href":"https:\/\/parafiabesko.pl\/index.php?rest_route=\/wp\/v2\/posts"}],"about":[{"href":"https:\/\/parafiabesko.pl\/index.php?rest_route=\/wp\/v2\/types\/post"}],"author":[{"embeddable":true,"href":"https:\/\/parafiabesko.pl\/index.php?rest_route=\/wp\/v2\/users\/1"}],"replies":[{"embeddable":true,"href":"https:\/\/parafiabesko.pl\/index.php?rest_route=%2Fwp%2Fv2%2Fcomments&post=10759"}],"version-history":[{"count":0,"href":"https:\/\/parafiabesko.pl\/index.php?rest_route=\/wp\/v2\/posts\/10759\/revisions"}],"wp:attachment":[{"href":"https:\/\/parafiabesko.pl\/index.php?rest_route=%2Fwp%2Fv2%2Fmedia&parent=10759"}],"wp:term":[{"taxonomy":"category","embeddable":true,"href":"https:\/\/parafiabesko.pl\/index.php?rest_route=%2Fwp%2Fv2%2Fcategories&post=10759"},{"taxonomy":"post_tag","embeddable":true,"href":"https:\/\/parafiabesko.pl\/index.php?rest_route=%2Fwp%2Fv2%2Ftags&post=10759"}],"curies":[{"name":"wp","href":"https:\/\/api.w.org\/{rel}","templated":true}]}}