{"id":10749,"date":"2024-09-28T13:49:15","date_gmt":"2024-09-28T13:49:15","guid":{"rendered":"https:\/\/parafiabesko.pl\/?p=10749"},"modified":"2024-09-28T13:49:15","modified_gmt":"2024-09-28T13:49:15","slug":"nabozenstwa-rozancowe-w-2024-roku-prowadza-w-kosciele-w-besku","status":"publish","type":"post","link":"https:\/\/parafiabesko.pl\/?p=10749","title":{"rendered":"Nabo\u017ce\u0144stwa r\u00f3\u017ca\u0144cowe w 2024 roku prowadz\u0105 w ko\u015bciele w Besku"},"content":{"rendered":"<h3 style=\"text-align: center;\"><strong><u>Nabo\u017ce\u0144stwa r\u00f3\u017ca\u0144cowe<\/u><\/strong><\/h3>\n<h3 style=\"text-align: center;\"><strong>w Parafii Besko <\/strong><\/h3>\n<h3 style=\"text-align: center;\"><strong>2024 roku<\/strong><\/h3>\n<h3><\/h3>\n<table width=\"601\">\n<tbody>\n<tr>\n<td width=\"312\">\n<h3><strong>Data<\/strong><\/h3>\n<\/td>\n<td width=\"289\">\n<h3><strong>Prowadz\u0105cy<\/strong><\/h3>\n<\/td>\n<\/tr>\n<tr>\n<td width=\"312\">\n<h3><strong>1 pa\u017adziernik\u00a0<\/strong><em>(wtorek)<\/em><\/h3>\n<\/td>\n<td width=\"289\">\n<h3><strong>Ministranci <\/strong><em>(ks. Tomasz)<\/em><\/h3>\n<\/td>\n<\/tr>\n<tr>\n<td width=\"312\">\n<h3><strong>2 pa\u017adziernik\u00a0<\/strong><em>(\u015broda)<\/em><\/h3>\n<\/td>\n<td width=\"289\">\n<h3><strong>Dojrza\u0142a schola<\/strong><\/h3>\n<h3><em>(ks. Tomasz)<\/em><\/h3>\n<\/td>\n<\/tr>\n<tr>\n<td width=\"312\">\n<h3><strong>3 pa\u017adziernik\u00a0<\/strong><em>(czwartek)<\/em><\/h3>\n<\/td>\n<td width=\"289\">\n<h3><strong>Lektorzy <\/strong><em>(ks. Tomasz)<\/em><\/h3>\n<\/td>\n<\/tr>\n<tr>\n<td width=\"312\">\n<h3><strong>4 pa\u017adziernik\u00a0<\/strong><em>(pi\u0105tek)<\/em><\/h3>\n<\/td>\n<td width=\"289\">\n<h3><strong>Akcja Katolicka<\/strong><\/h3>\n<h3><em>(ks. Proboszcz)<\/em><\/h3>\n<\/td>\n<\/tr>\n<tr>\n<td width=\"312\">\n<h3><strong>5 pa\u017adziernik\u00a0<\/strong><em>(sobota)<\/em><\/h3>\n<\/td>\n<td width=\"289\">\n<h3><strong>Nabo\u017ce\u0144stwo fatimskie<\/strong><\/h3>\n<\/td>\n<\/tr>\n<tr>\n<td width=\"312\">\n<h3><strong>6 pa\u017adziernik\u00a0<\/strong><em>(niedziela)<\/em><\/h3>\n<\/td>\n<td width=\"289\">\n<h3><strong>Procesja r\u00f3\u017ca\u0144cowa<\/strong><\/h3>\n<\/td>\n<\/tr>\n<tr>\n<td width=\"312\">\n<h3><strong>7 pa\u017adziernik\u00a0<\/strong><em>(poniedzia\u0142ek)<\/em><\/h3>\n<\/td>\n<td width=\"289\">\n<h3><strong>Klasa 8a<\/strong> <em>(ks. Pawe\u0142)<\/em><\/h3>\n<\/td>\n<\/tr>\n<tr>\n<td width=\"312\">\n<h3><strong>8 pa\u017adziernik\u00a0<\/strong><em>(wtorek)<\/em><\/h3>\n<\/td>\n<td width=\"289\">\n<h3><strong>Klasa 8b <\/strong><em>(ks. Pawe\u0142)<\/em><\/h3>\n<\/td>\n<\/tr>\n<tr>\n<td width=\"312\">\n<h3><strong>9 pa\u017adziernik\u00a0<\/strong><em>(\u015broda)<\/em><\/h3>\n<\/td>\n<td width=\"289\">\n<h3><strong>Klasa 7a<\/strong> <em>(ks. Pawe\u0142)<\/em><\/h3>\n<\/td>\n<\/tr>\n<tr>\n<td width=\"312\">\n<h3><strong>10 pa\u017adziernik\u00a0<\/strong><em>(czwartek)<\/em><\/h3>\n<\/td>\n<td width=\"289\">\n<h3><strong>Dzieci i rodzice z Przedszkola s. Felicjanek\u00a0 \u00a0<\/strong><em>(s. Barbara s. Amelia,\u00a0 \u00a0 \u00a0 \u00a0 \u00a0 s. Daniela),<\/em><em>(ks. Pawe\u0142)<\/em><\/h3>\n<\/td>\n<\/tr>\n<tr>\n<td width=\"312\">\n<h3><strong>11 pa\u017adziernik\u00a0<\/strong><em>( pi\u0105tek)<\/em><\/h3>\n<\/td>\n<td width=\"289\">\n<h3><strong>Klasa 7b <\/strong><em>(ks. Pawe\u0142)<\/em><\/h3>\n<\/td>\n<\/tr>\n<tr>\n<td width=\"312\">\n<h3><strong>12 pa\u017adziernik\u00a0<\/strong><em>(sobota)<\/em><\/h3>\n<\/td>\n<td width=\"289\">\n<h3><strong>Wsp\u00f3lnota Matki S\u0142owa <\/strong><\/h3>\n<h3><em>(ks. Pawe\u0142)<\/em><\/h3>\n<\/td>\n<\/tr>\n<tr>\n<td width=\"312\">\n<h3><strong>13 pa\u017adziernik\u00a0<\/strong><em>(niedziela)<\/em><\/h3>\n<\/td>\n<td width=\"289\">\n<h3><strong>Rada parafialna <\/strong><\/h3>\n<h3><em>(ks. Proboszcz)<\/em><\/h3>\n<\/td>\n<\/tr>\n<tr>\n<td width=\"312\">\n<h3><strong>14 pa\u017adziernik\u00a0<\/strong><em>(poniedzia\u0142ek)<\/em><\/h3>\n<\/td>\n<td width=\"289\">\n<h3><strong>Domowy Ko\u015bci\u00f3\u0142<\/strong><\/h3>\n<h3><em>(ks. Proboszcz)<\/em><\/h3>\n<\/td>\n<\/tr>\n<tr>\n<td width=\"312\">\n<h3><strong>15 pa\u017adziernik\u00a0<\/strong><em>(wtorek)<\/em><\/h3>\n<\/td>\n<td width=\"289\">\n<h3><strong>Ch\u00f3r parafialny<\/strong><\/h3>\n<h3><em>(ks. Proboszcz)<\/em><\/h3>\n<\/td>\n<\/tr>\n<tr>\n<td width=\"312\">\n<h3><strong>16 pa\u017adziernik\u00a0<\/strong><em>(\u015broda)<\/em><\/h3>\n<\/td>\n<td width=\"289\">\n<h3>\u00a0<strong>Dziewcz\u0119ca S\u0142u\u017cba Maryjna\u00a0 \u00a0 \u00a0 \u00a0 <\/strong><em>(ks. Proboszcz)<\/em><\/h3>\n<\/td>\n<\/tr>\n<tr>\n<td width=\"312\">\n<h3><strong>17 pa\u017adziernik\u00a0<\/strong><em>(czwartek)<\/em><\/h3>\n<\/td>\n<td width=\"289\">\n<h3><strong>Schola m\u0142odzie\u017cowa <\/strong><\/h3>\n<h3><em>(ks. Proboszcz)<\/em><\/h3>\n<\/td>\n<\/tr>\n<tr>\n<td width=\"312\">\n<h3><strong>18 pa\u017adziernik\u00a0<\/strong><em>(pi\u0105tek)<\/em><\/h3>\n<\/td>\n<td width=\"289\">\n<h3><strong>Krucjata Wyzwolenia Cz\u0142owieka <\/strong><em>(ks. Proboszcz)<\/em><\/h3>\n<\/td>\n<\/tr>\n<tr>\n<td width=\"312\">\n<h3><strong>19 pa\u017adziernik\u00a0<\/strong><em>(sobota)<\/em><\/h3>\n<\/td>\n<td width=\"289\">\n<h3><strong>R\u00f3\u017ce m\u0119skie <\/strong><em>(ks. Proboszcz)<\/em><\/h3>\n<\/td>\n<\/tr>\n<tr>\n<td width=\"312\">\n<h3><strong>20 pa\u017adziernik\u00a0<\/strong><em>(niedziela)<\/em><\/h3>\n<\/td>\n<td width=\"289\">\n<h3><strong>Parafianie <\/strong><em>(ks. Tomasz)<\/em><\/h3>\n<\/td>\n<\/tr>\n<tr>\n<td width=\"312\">\n<h3><strong>21 pa\u017adziernik\u00a0<\/strong><em>(poniedzia\u0142ek)<\/em><\/h3>\n<\/td>\n<td width=\"289\">\n<h3><strong>Klasa 3a z rodzicami <\/strong><\/h3>\n<h3><em>(ks. Tomasz)<\/em><\/h3>\n<\/td>\n<\/tr>\n<tr>\n<td width=\"312\">\n<h3><strong>22 pa\u017adziernik\u00a0<\/strong><em>(wtorek)<\/em><\/h3>\n<\/td>\n<td width=\"289\">\n<h3><strong>Klasa 3b z rodzicami <\/strong><\/h3>\n<h3><em>(ks. Tomasz)<\/em><\/h3>\n<\/td>\n<\/tr>\n<tr>\n<td width=\"312\">\n<h3><strong>23 pa\u017adziernik\u00a0<\/strong><em>(\u015broda)<\/em><\/h3>\n<\/td>\n<td width=\"289\">\n<h3><strong>Klasa 4a <\/strong><em>(ks. Tomasz)<\/em><\/h3>\n<\/td>\n<\/tr>\n<tr>\n<td width=\"312\">\n<h3><strong>24 pa\u017adziernik\u00a0<\/strong><em>(czwartek)<\/em><\/h3>\n<\/td>\n<td width=\"289\">\n<h3><strong>Klasa 4b <\/strong><em>(ks. Tomasz)<\/em><\/h3>\n<\/td>\n<\/tr>\n<tr>\n<td width=\"312\">\n<h3><strong>25 pa\u017adziernik\u00a0<\/strong><em>(pi\u0105tek)<\/em><\/h3>\n<\/td>\n<td width=\"289\">\n<h3><strong>Domowy Ko\u015bci\u00f3\u0142\u00a0 \u00a0 \u00a0 \u00a0 \u00a0 \u00a0 \u00a0 \u00a0 \u00a0 \u00a0 \u00a0 \u00a0 \u00a0 \u00a0 \u00a0 \u00a0 \u00a0<\/strong><em>(ks. Tomasz)<\/em><\/h3>\n<\/td>\n<\/tr>\n<tr>\n<td width=\"312\">\n<h3><strong>26 pa\u017adziernik\u00a0<\/strong><em>(sobota)<\/em><\/h3>\n<\/td>\n<td width=\"289\">\n<h3><strong>Rodzina &#8211; <\/strong><em>Agata, Maciej Niemczyk <\/em><em>(ks. Tomasz)<\/em><\/h3>\n<\/td>\n<\/tr>\n<tr>\n<td width=\"312\">\n<h3><strong>27 pa\u017adziernik\u00a0<\/strong><em>(niedziela)<\/em><\/h3>\n<\/td>\n<td width=\"289\">\n<h3><strong>KSM <\/strong><em>(ks. Pawe\u0142)<\/em><\/h3>\n<\/td>\n<\/tr>\n<tr>\n<td width=\"312\">\n<h3><strong>28 pa\u017adziernik\u00a0<\/strong><em>(poniedzia\u0142ek)<\/em><\/h3>\n<\/td>\n<td width=\"289\">\n<h3><strong>Klasa 6a <\/strong><em>(ks. Pawe\u0142)<\/em><\/h3>\n<\/td>\n<\/tr>\n<tr>\n<td width=\"312\">\n<h3><strong>29 pa\u017adziernik<\/strong><em> (wtorek)<\/em><\/h3>\n<\/td>\n<td width=\"289\">\n<h3><strong>Klasa 6b <\/strong><em>(ks. Pawe\u0142)<\/em><\/h3>\n<\/td>\n<\/tr>\n<tr>\n<td width=\"312\">\n<h3><strong>30 pa\u017adziernik<\/strong><em> (\u015broda)<\/em><\/h3>\n<\/td>\n<td width=\"289\">\n<h3><strong>Klasy 5a, 5b, 5c, <\/strong><em>(ks. Pawe\u0142)<\/em><\/h3>\n<\/td>\n<\/tr>\n<tr>\n<td width=\"312\">\n<h3><strong>31 pa\u017adziernik <\/strong><em>(czwartek)<\/em><\/h3>\n<\/td>\n<td width=\"289\">\n<h3><strong>R\u00f3\u017ce \u017ce\u0144skie <\/strong><em>(ks. Proboszcz)<\/em><\/h3>\n<\/td>\n<\/tr>\n<\/tbody>\n<\/table>\n","protected":false},"excerpt":{"rendered":"<p>Nabo\u017ce\u0144stwa r\u00f3\u017ca\u0144cowe w Parafii Besko 2024 roku Data Prowadz\u0105cy 1 pa\u017adziernik\u00a0(wtorek) Ministranci (ks. Tomasz) 2 pa\u017adziernik\u00a0(\u015broda) Dojrza\u0142a schola (ks. Tomasz) 3 pa\u017adziernik\u00a0(czwartek) Lektorzy (ks. Tomasz) 4 pa\u017adziernik\u00a0(pi\u0105tek) Akcja Katolicka (ks. Proboszcz) 5 pa\u017adziernik\u00a0(sobota) Nabo\u017ce\u0144stwo fatimskie 6 pa\u017adziernik\u00a0(niedziela) Procesja r\u00f3\u017ca\u0144cowa 7 pa\u017adziernik\u00a0(poniedzia\u0142ek) Klasa 8a (ks. Pawe\u0142) 8 pa\u017adziernik\u00a0(wtorek) Klasa 8b (ks.<span class=\"more-link\"><a href=\"https:\/\/parafiabesko.pl\/?p=10749\">Czytaj wi\u0119cej<\/a><\/span><\/p>\n","protected":false},"author":1,"featured_media":0,"comment_status":"closed","ping_status":"open","sticky":false,"template":"","format":"standard","meta":{"footnotes":""},"categories":[6],"tags":[],"class_list":["entry","author-adminparafiibesko","post-10749","post","type-post","status-publish","format-standard","category-uncategorized"],"_links":{"self":[{"href":"https:\/\/parafiabesko.pl\/index.php?rest_route=\/wp\/v2\/posts\/10749","targetHints":{"allow":["GET"]}}],"collection":[{"href":"https:\/\/parafiabesko.pl\/index.php?rest_route=\/wp\/v2\/posts"}],"about":[{"href":"https:\/\/parafiabesko.pl\/index.php?rest_route=\/wp\/v2\/types\/post"}],"author":[{"embeddable":true,"href":"https:\/\/parafiabesko.pl\/index.php?rest_route=\/wp\/v2\/users\/1"}],"replies":[{"embeddable":true,"href":"https:\/\/parafiabesko.pl\/index.php?rest_route=%2Fwp%2Fv2%2Fcomments&post=10749"}],"version-history":[{"count":0,"href":"https:\/\/parafiabesko.pl\/index.php?rest_route=\/wp\/v2\/posts\/10749\/revisions"}],"wp:attachment":[{"href":"https:\/\/parafiabesko.pl\/index.php?rest_route=%2Fwp%2Fv2%2Fmedia&parent=10749"}],"wp:term":[{"taxonomy":"category","embeddable":true,"href":"https:\/\/parafiabesko.pl\/index.php?rest_route=%2Fwp%2Fv2%2Fcategories&post=10749"},{"taxonomy":"post_tag","embeddable":true,"href":"https:\/\/parafiabesko.pl\/index.php?rest_route=%2Fwp%2Fv2%2Ftags&post=10749"}],"curies":[{"name":"wp","href":"https:\/\/api.w.org\/{rel}","templated":true}]}}