{"id":10747,"date":"2024-09-28T13:43:28","date_gmt":"2024-09-28T13:43:28","guid":{"rendered":"https:\/\/parafiabesko.pl\/?p=10747"},"modified":"2024-09-28T13:43:28","modified_gmt":"2024-09-28T13:43:28","slug":"ogloszenia-parafialne-26-niedziela-zwykla-29-09-2024r","status":"publish","type":"post","link":"https:\/\/parafiabesko.pl\/?p=10747","title":{"rendered":"Og\u0142oszenia parafialne 26 Niedziela zwyk\u0142a 29.09.2024r."},"content":{"rendered":"<h3><strong>W zwi\u0105zku z dramatyczn\u0105 sytuacj\u0105 powodziow\u0105, kt\u00f3ra dotkn\u0119\u0142a po\u0142udniowo-zachodni\u0105 cz\u0119\u015b\u0107 Polski, Przewodnicz\u0105cy Episkopatu abp Tadeusz Wojda zaapelowa\u0142 o pomoc ofiarom kataklizmu. Solidaryzuj\u0105c si\u0119 z poszkodowanymi, prosz\u0119, aby\u00a0w <u>niedziel\u0119 29 wrze\u015bnia 2024 roku<\/u>, to jest dzisiaj we wszystkich ko\u015bcio\u0142ach i kaplicach na terenie Archidiecezji Przemyskiej przeprowadzi\u0107 kwest\u0119 do puszek na rzecz powodzian.\u00a0 <\/strong><strong>Zebrane \u015brodki finansowe zostan\u0105 przekazane osobom dotkni\u0119tym kataklizmem za po\u015brednictwem Caritas Archidiecezji Przemyskiej.\u00a0 <\/strong><strong>W imieniu Obdarowanych dzi\u0119kuj\u0119 za okazane serce i dar chrze\u015bcija\u0144skiej solidarno\u015bci.<\/strong><\/h3>\n<h3><strong><em>+ Adam Szal<\/em><\/strong><strong><br \/>\n<em>Arcybiskup Metropolita Przemyski<\/em><\/strong><\/h3>\n<h3><strong>\u00a0<\/strong>Od jutra nabo\u017ce\u0144stwa popo\u0142udniowe w ko\u015bciele parafialnym w Besku b\u0119d\u0105 odprawiane o jedn\u0105 godzin\u0119 wcze\u015bniej, czyli o godz. 17.00. O godz. 19.30 Msza \u015bw. dla m\u0119\u017cczyzn. Serdecznie zapraszamy.<\/h3>\n<h3>Spowied\u017a \u015bwi\u0119ta przed pierwszym pi\u0105tkiem miesi\u0105ca od poniedzia\u0142ku rano\u00a0\u00a0\u00a0 i wieczorem przed Msz\u0105 \u015bwi\u0119t\u0105. Dzieci i m\u0142odzie\u017c do spowiedzi prosimy we \u015brod\u0119 od godziny 16.00.<\/h3>\n<h3>Od wtorku rozpoczyna si\u0119 miesi\u0105c pa\u017adziernik, a zatem rozpoczynaj\u0105 si\u0119 nabo\u017ce\u0144stwa r\u00f3\u017ca\u0144cowe \u2013 za udzia\u0142 w nich mo\u017cna zyska\u0107 odpust zupe\u0142ny pod zwyk\u0142ymi warunkami. Nabo\u017ce\u0144stwo r\u00f3\u017ca\u0144cowe w dni powszednie o godz. 17.00, a w niedziel\u0119 o godz. 16.00. Zach\u0119camy dzieci, m\u0142odzie\u017c i doros\u0142ych do udzia\u0142u w modlitwie r\u00f3\u017ca\u0144cowej. Tradycyjnie dla dzieci Parafia przygotowa\u0142a w tym roku ksi\u0105\u017ceczk\u0119 do wklejania postaci \u015bwi\u0119tych, kt\u00f3rzy szczeg\u00f3lnie umi\u0142owali modlitw\u0119 r\u00f3\u017ca\u0144cow\u0105. W ko\u015bcio\u0142ach filialnych r\u00f3\u017caniec codziennie w dni powszednie o godz. 17.00, a w niedziele po Mszy \u015bw. prowadz\u0105 r\u00f3\u017ce r\u00f3\u017ca\u0144cowe.<\/h3>\n<h3>Pierwszy pi\u0105tek miesi\u0105ca. Rano o godz. 7.00 Msza \u015bw. i nabo\u017ce\u0144stwo do NSPJ, adoruje r\u00f3\u017ca Niepokalanego Pocz\u0119cia NMP prze\u0142o\u017cona Bronis\u0142awa Ziemia\u0144ska. Chorych w Besku odwiedzamy od godz. 8.00. W Por\u0119bach i Mymoniu o godz. 15.00 nabo\u017ce\u0144stwo r\u00f3\u017ca\u0144cowe, spowied\u017a i Msza \u015bw.<\/h3>\n<h3>Pierwsza sobota miesi\u0105ca. Rano o godz. 7.00 Msza \u015bw. i nabo\u017ce\u0144stwo do Matki Bo\u017cej, adoruje r\u00f3\u017ca \u015bw. Anny prze\u0142o\u017cona Janina Suwa\u0142a. <strong>Wieczorem o godz. 19.00 ostatni w tym roku wiecz\u00f3r fatimski.<\/strong><\/h3>\n<h3>W przysz\u0142\u0105 niedziel\u0119 &#8211; Niedziela Adoracyjna, od godziny 12.00 do 16.00 prywatna adoracja rodzin<strong> o godzinie 16.00 \u2013 procesja r\u00f3\u017ca\u0144cowa do pi\u0119ciu o\u0142tarzy i zmiana tajemnic r\u00f3\u017ca\u0144cowych. <\/strong><\/h3>\n<h3>Lista klas szkolnych czy grup parafialnych prowadz\u0105cych r\u00f3\u017caniec w kolejne dni miesi\u0105ca pa\u017adziernika w naszym ko\u015bciele wywieszona jest w przedsionku ko\u015bcio\u0142a, oraz na stronie internetowej naszej Parafii, a tak\u017ce w gazetce Amicus prosimy si\u0119 z ni\u0105 zapozna\u0107.<\/h3>\n<h3>W przysz\u0142\u0105 niedziel\u0119 zapraszamy dzieci klas trzecich przygotowuj\u0105cych si\u0119 do Pierwszej Spowiedzi i Komunii \u015bwi\u0119tej wraz z rodzicami na Msz\u0119 \u015bw. o godz. 9.15 na uroczyste wr\u0119czenie dzieciom po\u015bwi\u0119conych r\u00f3\u017ca\u0144c\u00f3w.<\/h3>\n","protected":false},"excerpt":{"rendered":"<p>W zwi\u0105zku z dramatyczn\u0105 sytuacj\u0105 powodziow\u0105, kt\u00f3ra dotkn\u0119\u0142a po\u0142udniowo-zachodni\u0105 cz\u0119\u015b\u0107 Polski, Przewodnicz\u0105cy Episkopatu abp Tadeusz Wojda zaapelowa\u0142 o pomoc ofiarom kataklizmu. Solidaryzuj\u0105c si\u0119 z poszkodowanymi, prosz\u0119, aby\u00a0w niedziel\u0119 29 wrze\u015bnia 2024 roku, to jest dzisiaj we wszystkich ko\u015bcio\u0142ach i kaplicach na terenie Archidiecezji Przemyskiej przeprowadzi\u0107 kwest\u0119 do puszek na rzecz<span class=\"more-link\"><a href=\"https:\/\/parafiabesko.pl\/?p=10747\">Czytaj wi\u0119cej<\/a><\/span><\/p>\n","protected":false},"author":1,"featured_media":0,"comment_status":"closed","ping_status":"open","sticky":false,"template":"","format":"standard","meta":{"footnotes":""},"categories":[7],"tags":[],"class_list":["entry","author-adminparafiibesko","post-10747","post","type-post","status-publish","format-standard","category-ogloszenia-parafialne"],"_links":{"self":[{"href":"https:\/\/parafiabesko.pl\/index.php?rest_route=\/wp\/v2\/posts\/10747","targetHints":{"allow":["GET"]}}],"collection":[{"href":"https:\/\/parafiabesko.pl\/index.php?rest_route=\/wp\/v2\/posts"}],"about":[{"href":"https:\/\/parafiabesko.pl\/index.php?rest_route=\/wp\/v2\/types\/post"}],"author":[{"embeddable":true,"href":"https:\/\/parafiabesko.pl\/index.php?rest_route=\/wp\/v2\/users\/1"}],"replies":[{"embeddable":true,"href":"https:\/\/parafiabesko.pl\/index.php?rest_route=%2Fwp%2Fv2%2Fcomments&post=10747"}],"version-history":[{"count":0,"href":"https:\/\/parafiabesko.pl\/index.php?rest_route=\/wp\/v2\/posts\/10747\/revisions"}],"wp:attachment":[{"href":"https:\/\/parafiabesko.pl\/index.php?rest_route=%2Fwp%2Fv2%2Fmedia&parent=10747"}],"wp:term":[{"taxonomy":"category","embeddable":true,"href":"https:\/\/parafiabesko.pl\/index.php?rest_route=%2Fwp%2Fv2%2Fcategories&post=10747"},{"taxonomy":"post_tag","embeddable":true,"href":"https:\/\/parafiabesko.pl\/index.php?rest_route=%2Fwp%2Fv2%2Ftags&post=10747"}],"curies":[{"name":"wp","href":"https:\/\/api.w.org\/{rel}","templated":true}]}}