{"id":10745,"date":"2024-09-28T13:39:41","date_gmt":"2024-09-28T13:39:41","guid":{"rendered":"https:\/\/parafiabesko.pl\/?p=10745"},"modified":"2024-09-28T13:39:41","modified_gmt":"2024-09-28T13:39:41","slug":"intencje-mszalne-30-09-6-10-2024r","status":"publish","type":"post","link":"https:\/\/parafiabesko.pl\/?p=10745","title":{"rendered":"Intencje mszalne 30.09.-6.10.2024r."},"content":{"rendered":"<table>\n<tbody>\n<tr>\n<td rowspan=\"2\" width=\"166\"><strong>Poniedzia\u0142ek<\/strong><\/p>\n<p><strong>30.09.2024r.<\/strong><\/p>\n<p>&nbsp;<\/td>\n<td width=\"71\"><strong>7.00<\/strong><\/td>\n<td width=\"457\">+W\u0142adys\u0142aw Majdosz \/20 r. \u015bm.\/<\/td>\n<\/tr>\n<tr>\n<td width=\"71\"><strong>17.00<\/strong><\/td>\n<td width=\"457\">1. +J\u00f3zef \/50 r. \u015bm.\/, Janina 25 r. \u015bm.\/<\/p>\n<p>2. +Michalina, Jan Szul i zm. dzieci<\/td>\n<\/tr>\n<tr>\n<td rowspan=\"2\" width=\"166\"><strong>Wtorek<\/strong><\/p>\n<p><strong>1.10.2024r.<\/strong><\/p>\n<p>&nbsp;<\/td>\n<td width=\"71\"><strong>7.00<\/strong><\/td>\n<td width=\"457\">+Stanis\u0142aw\u0119 Szweda of. r\u00f3\u017ca \u015bw. Jadwigi<\/td>\n<\/tr>\n<tr>\n<td width=\"71\"><strong>17.00<\/strong><\/td>\n<td width=\"457\">1. +Domicela Ziemia\u0144ska \/3 r. \u015bm.\/, Maria \u017b\u00f3\u0142kiewicz<\/p>\n<p>2. +Irena Suwa\u0142a \/13 r. \u015bm.\/<\/p>\n<p>&nbsp;<\/td>\n<\/tr>\n<tr>\n<td rowspan=\"2\" width=\"166\"><strong>\u015aroda<\/strong><\/p>\n<p><strong>2.10.2024r.<\/strong><\/p>\n<p><strong>\u00a0<\/strong><\/td>\n<td width=\"71\"><strong>7.00<\/strong><\/td>\n<td width=\"457\">+Edward, J\u00f3zef\u00a0 Pihut<\/td>\n<\/tr>\n<tr>\n<td width=\"71\"><strong>17.00<\/strong><\/td>\n<td width=\"457\">1. +Marian Sza\u0142ankiewicz \/1 r. \u015bm.\/<\/p>\n<p>2. \u2013Dzi\u0119kczynna za opiek\u0119 Anio\u0142\u00f3w Str\u00f3\u017c\u00f3w nad rodzin\u0105<\/p>\n<p>3. \u2013W intencji doktor Agaty Stapi\u0144skiej-Marsza\u0142ek z okazji urodzin o potrzebne \u0142aski i opiek\u0119 Matki Bo\u017cej of. Pracownicy O\u015brodka Zdrowia w Besku.<\/td>\n<\/tr>\n<tr>\n<td rowspan=\"2\" width=\"166\"><strong>Czwartek<\/strong><\/p>\n<p><strong>3.10.2024r.<\/strong><\/p>\n<p>&nbsp;<\/td>\n<td width=\"71\"><strong>7.00<\/strong><\/td>\n<td width=\"457\">+Magdalena Kurpiel of. Damian Ziemba z rodzin\u0105<\/td>\n<\/tr>\n<tr>\n<td width=\"71\"><strong>17.00<\/strong><\/td>\n<td width=\"457\">1. +Ewa Hadam<\/p>\n<p>2. +J\u00f3zef, Maria Szmyd i Jan, Joanna Sza\u0142ankiewicz<\/td>\n<\/tr>\n<tr>\n<td rowspan=\"2\" width=\"166\"><strong>Pi\u0105tek<\/strong><\/p>\n<p><strong>4.10.2024r.<\/strong><\/p>\n<p>&nbsp;<\/td>\n<td width=\"71\"><strong>7.00<\/strong><\/td>\n<td width=\"457\">+Boles\u0142aw Ziemian\u0144ski of. \u017cona<\/td>\n<\/tr>\n<tr>\n<td width=\"71\"><strong>17.00<\/strong><\/td>\n<td width=\"457\">-Dzi\u0119kczynna za otrzymane \u0142aski z pro\u015bb\u0105 o b\u0142og. Bo\u017ce w 16 r. \u015blubu<\/td>\n<\/tr>\n<tr>\n<td rowspan=\"2\" width=\"166\"><strong>Sobota<\/strong><\/p>\n<p><strong>5.10.2024r.<\/strong><\/p>\n<p>&nbsp;<\/td>\n<td width=\"71\"><strong>7.00<\/strong><\/td>\n<td width=\"457\">+Za dusze w czyjscu cierpi\u0105ce<\/td>\n<\/tr>\n<tr>\n<td width=\"71\"><strong>19.00<\/strong><\/td>\n<td width=\"457\">1. +Antoni, Stanis\u0142aw, Robert Mikosz<\/p>\n<p>2. +Maria, Stanis\u0142aw Mermer<\/td>\n<\/tr>\n<tr>\n<td rowspan=\"4\" width=\"166\"><strong>Niedziela<\/strong><\/p>\n<p><strong>6.10.2024r.<\/strong><\/p>\n<p>&nbsp;<\/td>\n<td width=\"71\"><strong>7.30<\/strong><\/td>\n<td width=\"457\">+Zofia, J\u00f3zef, Stanis\u0142aw Szybka i Kazimierz Skubel<\/td>\n<\/tr>\n<tr>\n<td width=\"71\"><strong>9.15<\/strong><\/td>\n<td width=\"457\">+Irena Tele\u017cy\u0144ska \/17 r. \u015bm.\/<\/td>\n<\/tr>\n<tr>\n<td width=\"71\"><strong>11.00<\/strong><\/td>\n<td width=\"457\"><strong>Za Parafian<\/strong><\/td>\n<\/tr>\n<tr>\n<td width=\"71\"><strong>16.30<\/strong><\/td>\n<td width=\"457\">+Helena Mroczkowska \/3 r. \u015bm.\/<\/td>\n<\/tr>\n<\/tbody>\n<\/table>\n","protected":false},"excerpt":{"rendered":"<p>Poniedzia\u0142ek 30.09.2024r. &nbsp; 7.00 +W\u0142adys\u0142aw Majdosz \/20 r. \u015bm.\/ 17.00 1. +J\u00f3zef \/50 r. \u015bm.\/, Janina 25 r. \u015bm.\/ 2. +Michalina, Jan Szul i zm. dzieci Wtorek 1.10.2024r. &nbsp; 7.00 +Stanis\u0142aw\u0119 Szweda of. r\u00f3\u017ca \u015bw. Jadwigi 17.00 1. +Domicela Ziemia\u0144ska \/3 r. \u015bm.\/, Maria \u017b\u00f3\u0142kiewicz 2. +Irena Suwa\u0142a \/13 r.<span class=\"more-link\"><a href=\"https:\/\/parafiabesko.pl\/?p=10745\">Czytaj wi\u0119cej<\/a><\/span><\/p>\n","protected":false},"author":1,"featured_media":0,"comment_status":"closed","ping_status":"open","sticky":false,"template":"","format":"standard","meta":{"footnotes":""},"categories":[4],"tags":[],"class_list":["entry","author-adminparafiibesko","post-10745","post","type-post","status-publish","format-standard","category-intencje-mszalne"],"_links":{"self":[{"href":"https:\/\/parafiabesko.pl\/index.php?rest_route=\/wp\/v2\/posts\/10745","targetHints":{"allow":["GET"]}}],"collection":[{"href":"https:\/\/parafiabesko.pl\/index.php?rest_route=\/wp\/v2\/posts"}],"about":[{"href":"https:\/\/parafiabesko.pl\/index.php?rest_route=\/wp\/v2\/types\/post"}],"author":[{"embeddable":true,"href":"https:\/\/parafiabesko.pl\/index.php?rest_route=\/wp\/v2\/users\/1"}],"replies":[{"embeddable":true,"href":"https:\/\/parafiabesko.pl\/index.php?rest_route=%2Fwp%2Fv2%2Fcomments&post=10745"}],"version-history":[{"count":0,"href":"https:\/\/parafiabesko.pl\/index.php?rest_route=\/wp\/v2\/posts\/10745\/revisions"}],"wp:attachment":[{"href":"https:\/\/parafiabesko.pl\/index.php?rest_route=%2Fwp%2Fv2%2Fmedia&parent=10745"}],"wp:term":[{"taxonomy":"category","embeddable":true,"href":"https:\/\/parafiabesko.pl\/index.php?rest_route=%2Fwp%2Fv2%2Fcategories&post=10745"},{"taxonomy":"post_tag","embeddable":true,"href":"https:\/\/parafiabesko.pl\/index.php?rest_route=%2Fwp%2Fv2%2Ftags&post=10745"}],"curies":[{"name":"wp","href":"https:\/\/api.w.org\/{rel}","templated":true}]}}