{"id":10743,"date":"2024-09-21T13:55:12","date_gmt":"2024-09-21T13:55:12","guid":{"rendered":"https:\/\/parafiabesko.pl\/?p=10743"},"modified":"2024-09-21T13:55:12","modified_gmt":"2024-09-21T13:55:12","slug":"ogloszenia-parafialne-25-niedziela-zwykla-22-09-2024r","status":"publish","type":"post","link":"https:\/\/parafiabesko.pl\/?p=10743","title":{"rendered":"Og\u0142oszenia parafialne 25 Niedziela zwyk\u0142a 22.09.2024r."},"content":{"rendered":"<h3>W poniedzia\u0142ek o godz. 18.00 modlitwa przy relikwiach \u015bw. Jana Paw\u0142a II.<\/h3>\n<h3>We wtorek o godz. 18.00 nabo\u017ce\u0144stwo do Bo\u017cego Mi\u0142osierdzia.<\/h3>\n<h3>W \u015brod\u0119 o godz. 18.00 Nowenna do Matki Bo\u017cej Nieustaj\u0105cej Pomocy.<\/h3>\n<h3><strong>W zwi\u0105zku z dramatyczn\u0105 sytuacj\u0105 powodziow\u0105, kt\u00f3ra dotkn\u0119\u0142a po\u0142udniowo-zachodni\u0105 cz\u0119\u015b\u0107 Polski, Przewodnicz\u0105cy Episkopatu abp Tadeusz Wojda zaapelowa\u0142 o pomoc ofiarom kataklizmu. Solidaryzuj\u0105c si\u0119 z poszkodowanymi, prosz\u0119, aby\u00a0w <u>niedziel\u0119 29 wrze\u015bnia 2024 roku<\/u>, we wszystkich ko\u015bcio\u0142ach i kaplicach na terenie Archidiecezji Przemyskiej przeprowadzi\u0107 kwest\u0119 do puszek na rzecz powodzian. Prosz\u0119 o poinformowanie wiernych w niedziel\u0119 22 wrze\u015bnia br. o planowanej sk\u0142adce.<\/strong> <strong>Zebrane \u015brodki finansowe zostan\u0105 przekazane osobom dotkni\u0119tym kataklizmem za po\u015brednictwem Caritas Archidiecezji Przemyskiej. W imieniu Obdarowanych dzi\u0119kuj\u0119 za okazane serce i dar chrze\u015bcija\u0144skiej solidarno\u015bci.<\/strong><\/h3>\n<h3><strong><em>+ Adam Szal<\/em><\/strong><strong><br \/>\n<em>Arcybiskup Metropolita Przemyski<\/em><\/strong><\/h3>\n","protected":false},"excerpt":{"rendered":"<p>W poniedzia\u0142ek o godz. 18.00 modlitwa przy relikwiach \u015bw. Jana Paw\u0142a II. We wtorek o godz. 18.00 nabo\u017ce\u0144stwo do Bo\u017cego Mi\u0142osierdzia. W \u015brod\u0119 o godz. 18.00 Nowenna do Matki Bo\u017cej Nieustaj\u0105cej Pomocy. W zwi\u0105zku z dramatyczn\u0105 sytuacj\u0105 powodziow\u0105, kt\u00f3ra dotkn\u0119\u0142a po\u0142udniowo-zachodni\u0105 cz\u0119\u015b\u0107 Polski, Przewodnicz\u0105cy Episkopatu abp Tadeusz Wojda zaapelowa\u0142 o<span class=\"more-link\"><a href=\"https:\/\/parafiabesko.pl\/?p=10743\">Czytaj wi\u0119cej<\/a><\/span><\/p>\n","protected":false},"author":1,"featured_media":0,"comment_status":"closed","ping_status":"open","sticky":false,"template":"","format":"standard","meta":{"footnotes":""},"categories":[7],"tags":[],"class_list":["entry","author-adminparafiibesko","post-10743","post","type-post","status-publish","format-standard","category-ogloszenia-parafialne"],"_links":{"self":[{"href":"https:\/\/parafiabesko.pl\/index.php?rest_route=\/wp\/v2\/posts\/10743","targetHints":{"allow":["GET"]}}],"collection":[{"href":"https:\/\/parafiabesko.pl\/index.php?rest_route=\/wp\/v2\/posts"}],"about":[{"href":"https:\/\/parafiabesko.pl\/index.php?rest_route=\/wp\/v2\/types\/post"}],"author":[{"embeddable":true,"href":"https:\/\/parafiabesko.pl\/index.php?rest_route=\/wp\/v2\/users\/1"}],"replies":[{"embeddable":true,"href":"https:\/\/parafiabesko.pl\/index.php?rest_route=%2Fwp%2Fv2%2Fcomments&post=10743"}],"version-history":[{"count":0,"href":"https:\/\/parafiabesko.pl\/index.php?rest_route=\/wp\/v2\/posts\/10743\/revisions"}],"wp:attachment":[{"href":"https:\/\/parafiabesko.pl\/index.php?rest_route=%2Fwp%2Fv2%2Fmedia&parent=10743"}],"wp:term":[{"taxonomy":"category","embeddable":true,"href":"https:\/\/parafiabesko.pl\/index.php?rest_route=%2Fwp%2Fv2%2Fcategories&post=10743"},{"taxonomy":"post_tag","embeddable":true,"href":"https:\/\/parafiabesko.pl\/index.php?rest_route=%2Fwp%2Fv2%2Ftags&post=10743"}],"curies":[{"name":"wp","href":"https:\/\/api.w.org\/{rel}","templated":true}]}}