{"id":10741,"date":"2024-09-21T13:52:53","date_gmt":"2024-09-21T13:52:53","guid":{"rendered":"https:\/\/parafiabesko.pl\/?p=10741"},"modified":"2024-09-21T13:52:53","modified_gmt":"2024-09-21T13:52:53","slug":"intencje-mszalne-23-29-09-2024r","status":"publish","type":"post","link":"https:\/\/parafiabesko.pl\/?p=10741","title":{"rendered":"Intencje mszalne 23-29.09.2024r."},"content":{"rendered":"<table>\n<tbody>\n<tr>\n<td rowspan=\"2\" width=\"166\"><strong>Poniedzia\u0142ek<\/strong><\/p>\n<p><strong>23.09.2024r.<\/strong><\/p>\n<p>&nbsp;<\/td>\n<td width=\"71\"><strong>7.00<\/strong><\/td>\n<td width=\"457\">+Stanis\u0142aw\u0119 Szweda of. s\u0105siedzi z ul. B\u0142onie<\/td>\n<\/tr>\n<tr>\n<td width=\"71\"><strong>18.00<\/strong><\/td>\n<td width=\"457\">1. +Czes\u0142aw Weber \/38 r. \u015bm.\/<\/p>\n<p>2. +Jolanta Szybka<\/td>\n<\/tr>\n<tr>\n<td rowspan=\"2\" width=\"166\"><strong>Wtorek<\/strong><\/p>\n<p><strong>24.09.2024r.<\/strong><\/p>\n<p><strong>\u00a0<\/strong><\/p>\n<p>&nbsp;<\/td>\n<td width=\"71\"><strong>7.00<\/strong><\/td>\n<td width=\"457\">+Maria, Florian<\/td>\n<\/tr>\n<tr>\n<td width=\"71\"><strong>18.00<\/strong><\/td>\n<td width=\"457\">1. +Helena, J\u00f3zef Kijowscy<\/p>\n<p>2. +Izabela, Tadeusz Kruczkiewicz \/poza Parafi\u0105\/<\/td>\n<\/tr>\n<tr>\n<td rowspan=\"2\" width=\"166\"><strong>\u015aroda<\/strong><\/p>\n<p><strong>25.09.2024r.<\/strong><\/p>\n<p><strong>\u00a0<\/strong><\/p>\n<p><strong>\u00a0<\/strong><\/td>\n<td width=\"71\"><strong>7.00<\/strong><\/td>\n<td width=\"457\">+Magdalena Kurpiel of. s\u0105siedzi<\/td>\n<\/tr>\n<tr>\n<td width=\"71\"><strong>18.00<\/strong><\/td>\n<td width=\"457\">1. +Kazimier\u0119, J\u00f3zef Szybka<\/p>\n<p>2. +J\u00f3zef Kwiatkowski of. koledzy syna Andrzeja z pracy \/poza Parafi\u0105\/<\/td>\n<\/tr>\n<tr>\n<td rowspan=\"2\" width=\"166\"><strong>Czwartek<\/strong><\/p>\n<p><strong>26.09.2024r.<\/strong><\/p>\n<p><strong>\u00a0<\/strong><\/p>\n<p>&nbsp;<\/td>\n<td width=\"71\"><strong>7.00<\/strong><\/td>\n<td width=\"457\">+Janina Kwocza\u0142a<\/td>\n<\/tr>\n<tr>\n<td width=\"71\"><strong>18.00<\/strong><\/td>\n<td width=\"457\">1. +Franciszek Mermer \/82 r. \u015bm.\/ of. wnuk z rodzin\u0105<\/p>\n<p>2. +Maria Nycz \/1 r. \u015bm.\/, Boles\u0142aw Suwa\u0142a \/9 r. \u015bm.\/, \/poza Parafi\u0105\/<\/td>\n<\/tr>\n<tr>\n<td rowspan=\"2\" width=\"166\"><strong>Pi\u0105tek<\/strong><\/p>\n<p><strong>27.09.2024r.<\/strong><\/p>\n<p><strong>\u00a0<\/strong><\/p>\n<p>&nbsp;<\/td>\n<td width=\"71\"><strong>7.00<\/strong><\/td>\n<td width=\"457\">+Jadwiga, Danuta, Stanis\u0142aw \/11 r. \u015bm.\/<\/td>\n<\/tr>\n<tr>\n<td width=\"71\"><strong>18.00<\/strong><\/td>\n<td width=\"457\">1. +J\u00f3zef Mikosz<\/p>\n<p>2. +J\u00f3zef Rymarowicz \/poza Parafi\u0105\/<\/td>\n<\/tr>\n<tr>\n<td rowspan=\"2\" width=\"166\"><strong>Sobota<\/strong><\/p>\n<p><strong>28.09.2024r.<\/strong><\/p>\n<p><strong>\u00a0<\/strong><\/p>\n<p>&nbsp;<\/td>\n<td width=\"71\"><strong>7.00<\/strong><\/td>\n<td width=\"457\">+W\u0142adys\u0142aw Suwa\u0142a \/19 r. \u015bm.\/ i Piotr, Rozalia Kielar<\/td>\n<\/tr>\n<tr>\n<td width=\"71\"><strong>18.00<\/strong><\/td>\n<td width=\"457\">1. +Stefani\u0119 Janowsk\u0105 of. kole\u017canka Lucyna z rodzin\u0105<\/p>\n<p>2. +Michalina, Feliks Chrobak<\/td>\n<\/tr>\n<tr>\n<td rowspan=\"4\" width=\"166\"><strong>Niedziela<\/strong><\/p>\n<p><strong>29.09.2024r.<\/strong><\/p>\n<p><strong>\u00a0<\/strong><\/p>\n<p>&nbsp;<\/td>\n<td width=\"71\"><strong>7.30<\/strong><\/td>\n<td width=\"457\">+Domicel\u0119, J\u00f3zefa, Tadeusz, Stanis\u0142aw<\/td>\n<\/tr>\n<tr>\n<td width=\"71\"><strong>9.15<\/strong><\/td>\n<td width=\"457\">+Stefani\u0119 Janowsk\u0105 \/4 r. \u015bm.\/<\/td>\n<\/tr>\n<tr>\n<td width=\"71\"><strong>11.00<\/strong><\/td>\n<td width=\"457\"><strong>Za Parafian<\/strong><\/td>\n<\/tr>\n<tr>\n<td width=\"71\"><strong>16.30<\/strong><\/td>\n<td width=\"457\">+Katarzyna Bo\u0142d \/4 r. \u015bm.\/<\/td>\n<\/tr>\n<\/tbody>\n<\/table>\n","protected":false},"excerpt":{"rendered":"<p>Poniedzia\u0142ek 23.09.2024r. &nbsp; 7.00 +Stanis\u0142aw\u0119 Szweda of. s\u0105siedzi z ul. B\u0142onie 18.00 1. +Czes\u0142aw Weber \/38 r. \u015bm.\/ 2. +Jolanta Szybka Wtorek 24.09.2024r. \u00a0 &nbsp; 7.00 +Maria, Florian 18.00 1. +Helena, J\u00f3zef Kijowscy 2. +Izabela, Tadeusz Kruczkiewicz \/poza Parafi\u0105\/ \u015aroda 25.09.2024r. \u00a0 \u00a0 7.00 +Magdalena Kurpiel of. s\u0105siedzi 18.00 1.<span class=\"more-link\"><a href=\"https:\/\/parafiabesko.pl\/?p=10741\">Czytaj wi\u0119cej<\/a><\/span><\/p>\n","protected":false},"author":1,"featured_media":0,"comment_status":"closed","ping_status":"open","sticky":false,"template":"","format":"standard","meta":{"footnotes":""},"categories":[4],"tags":[],"class_list":["entry","author-adminparafiibesko","post-10741","post","type-post","status-publish","format-standard","category-intencje-mszalne"],"_links":{"self":[{"href":"https:\/\/parafiabesko.pl\/index.php?rest_route=\/wp\/v2\/posts\/10741","targetHints":{"allow":["GET"]}}],"collection":[{"href":"https:\/\/parafiabesko.pl\/index.php?rest_route=\/wp\/v2\/posts"}],"about":[{"href":"https:\/\/parafiabesko.pl\/index.php?rest_route=\/wp\/v2\/types\/post"}],"author":[{"embeddable":true,"href":"https:\/\/parafiabesko.pl\/index.php?rest_route=\/wp\/v2\/users\/1"}],"replies":[{"embeddable":true,"href":"https:\/\/parafiabesko.pl\/index.php?rest_route=%2Fwp%2Fv2%2Fcomments&post=10741"}],"version-history":[{"count":0,"href":"https:\/\/parafiabesko.pl\/index.php?rest_route=\/wp\/v2\/posts\/10741\/revisions"}],"wp:attachment":[{"href":"https:\/\/parafiabesko.pl\/index.php?rest_route=%2Fwp%2Fv2%2Fmedia&parent=10741"}],"wp:term":[{"taxonomy":"category","embeddable":true,"href":"https:\/\/parafiabesko.pl\/index.php?rest_route=%2Fwp%2Fv2%2Fcategories&post=10741"},{"taxonomy":"post_tag","embeddable":true,"href":"https:\/\/parafiabesko.pl\/index.php?rest_route=%2Fwp%2Fv2%2Ftags&post=10741"}],"curies":[{"name":"wp","href":"https:\/\/api.w.org\/{rel}","templated":true}]}}