{"id":10730,"date":"2024-09-07T15:12:37","date_gmt":"2024-09-07T15:12:37","guid":{"rendered":"https:\/\/parafiabesko.pl\/?p=10730"},"modified":"2024-09-07T15:12:37","modified_gmt":"2024-09-07T15:12:37","slug":"ogloszenia-parafialne-23-niedziela-zwykla-8-09-2024r","status":"publish","type":"post","link":"https:\/\/parafiabesko.pl\/?p=10730","title":{"rendered":"Og\u0142oszenia parafialne 23 Niedziela zwyk\u0142a 8.09.2024r."},"content":{"rendered":"<h3><strong>Dzisiaj 8 wrze\u015bnia 2024 r. o godz. 15.00 uroczysto\u015b\u0107 dzi\u0119kczynna, zwi\u0105zana z celebrowaniem rocznicy beatyfikacji w Markowej. <\/strong>Po Eucharystii organizatorzy zaplanowali wydarzenia kulturalno- religijne. \u0141\u0105czymy si\u0119 duchowo jako Parafia z uczestnikami tej uroczysto\u015bci i polecamy rodziny naszej Parafii opiece b\u0142ogos\u0142awionej rodziny Ulm\u00f3w. Zach\u0119camy Parafian do s\u0142uchania i ogl\u0105dania tej uroczysto\u015bci przez transmisj\u0119 <strong>Radia Fara<\/strong>.<\/h3>\n<h3>Dzisiaj na cerkwisku o godz. 12.30, a nie jak to by\u0142o g\u0142oszone o godz. 13.00 w ubieg\u0142\u0105 niedziel\u0119, zostanie odprawiona Msza \u015bw. w obrz\u0119dzie grekokatolickim. Organizatorzy serdecznie zapraszaj\u0105 na wsp\u00f3ln\u0105 modlitw\u0119.<\/h3>\n<h3>W poniedzia\u0142ek o godz. 18.00 modlitwa przy relikwiach \u015bw. Jana Paw\u0142a II.<\/h3>\n<h3>We wtorek o godz. 18.00 nabo\u017ce\u0144stwo do Bo\u017cego Mi\u0142osierdzia. Po Mszy \u015bw. wieczorowej w ko\u015bciele spotkanie z rodzicami klas trzecich przygotowuj\u0105ce do Pierwszej Spowiedzi i Komunii \u015bwi\u0119tej.<\/h3>\n<h3>We \u015brod\u0119 o godz. 18.00 nowenna do MB Nieustaj\u0105cej Pomocy.<\/h3>\n<h3>W pi\u0105tek o godz. 17.00 spowied\u017a przed odpustem parafialnym.<\/h3>\n<h3><strong>W sobot\u0119 14 wrze\u015bnia<\/strong> &#8211; <strong>\u015awi\u0119to Podwy\u017cszenia Krzy\u017ca \u015awi\u0119tego \u2013 g\u0142\u00f3wny odpust naszej Parafii<\/strong>. <strong>Porz\u0105dek Mszy \u015bw. w Besku:<\/strong><\/h3>\n<h3><strong>&#8211; \u00a0rano godz. 7.30<\/strong><\/h3>\n<h3><strong>&#8211; uroczysta suma o godz.11.00<\/strong>. Po \u00a0sumie procesja eucharystyczna wok\u00f3\u0142 nowego ko\u015bcio\u0142a na kt\u00f3r\u0105 serdecznie zapraszamy ma\u0142e dzieci do sypania kwiat\u00f3w i dzieci z klasy czwartej w strojach pierwszokomunijnych, parafianki w strojach ludowych do niesienia obraz\u00f3w i figur. Na procesj\u0119 bierzemy krzy\u017c, ber\u0142o, chor\u0105gwie, feretron, baldachim, kandelabry. Po zako\u0144czeniu procesji eucharystycznej i od\u015bpiewaniu hymnu; Bo\u017ce co\u015b Polsk\u0119, zostan\u0105 po\u015bwi\u0119cone dewocjonalia.<\/h3>\n<h3><strong>&#8211; po po\u0142udniu o godz. 18.00<\/strong><\/h3>\n<h3>\u00a0\u00a0 <strong><em>W tym dniu w naszej Parafii jest obowi\u0105zek uczestniczenia we Mszy \u015bw. mo\u017cemy zyska\u0107 odpust zupe\u0142ny pod zwyk\u0142ymi warunkami.<\/em><\/strong><\/h3>\n<h3>Serdecznie dzi\u0119kujemy za renowacj\u0119 krzy\u017ca misyjnego przy nowym ko\u015bciele i krzy\u017ca d\u0119bowego przy zabytkowym ko\u015bciele w Besku, prac\u0119 wykonali: Andrzej Roman, J\u00f3zef Winiarski i Ryszard Saj. B\u00f3g zap\u0142a\u0107!<\/h3>\n","protected":false},"excerpt":{"rendered":"<p>Dzisiaj 8 wrze\u015bnia 2024 r. o godz. 15.00 uroczysto\u015b\u0107 dzi\u0119kczynna, zwi\u0105zana z celebrowaniem rocznicy beatyfikacji w Markowej. Po Eucharystii organizatorzy zaplanowali wydarzenia kulturalno- religijne. \u0141\u0105czymy si\u0119 duchowo jako Parafia z uczestnikami tej uroczysto\u015bci i polecamy rodziny naszej Parafii opiece b\u0142ogos\u0142awionej rodziny Ulm\u00f3w. Zach\u0119camy Parafian do s\u0142uchania i ogl\u0105dania tej uroczysto\u015bci<span class=\"more-link\"><a href=\"https:\/\/parafiabesko.pl\/?p=10730\">Czytaj wi\u0119cej<\/a><\/span><\/p>\n","protected":false},"author":1,"featured_media":0,"comment_status":"closed","ping_status":"open","sticky":false,"template":"","format":"standard","meta":{"footnotes":""},"categories":[7],"tags":[],"class_list":["entry","author-adminparafiibesko","post-10730","post","type-post","status-publish","format-standard","category-ogloszenia-parafialne"],"_links":{"self":[{"href":"https:\/\/parafiabesko.pl\/index.php?rest_route=\/wp\/v2\/posts\/10730","targetHints":{"allow":["GET"]}}],"collection":[{"href":"https:\/\/parafiabesko.pl\/index.php?rest_route=\/wp\/v2\/posts"}],"about":[{"href":"https:\/\/parafiabesko.pl\/index.php?rest_route=\/wp\/v2\/types\/post"}],"author":[{"embeddable":true,"href":"https:\/\/parafiabesko.pl\/index.php?rest_route=\/wp\/v2\/users\/1"}],"replies":[{"embeddable":true,"href":"https:\/\/parafiabesko.pl\/index.php?rest_route=%2Fwp%2Fv2%2Fcomments&post=10730"}],"version-history":[{"count":0,"href":"https:\/\/parafiabesko.pl\/index.php?rest_route=\/wp\/v2\/posts\/10730\/revisions"}],"wp:attachment":[{"href":"https:\/\/parafiabesko.pl\/index.php?rest_route=%2Fwp%2Fv2%2Fmedia&parent=10730"}],"wp:term":[{"taxonomy":"category","embeddable":true,"href":"https:\/\/parafiabesko.pl\/index.php?rest_route=%2Fwp%2Fv2%2Fcategories&post=10730"},{"taxonomy":"post_tag","embeddable":true,"href":"https:\/\/parafiabesko.pl\/index.php?rest_route=%2Fwp%2Fv2%2Ftags&post=10730"}],"curies":[{"name":"wp","href":"https:\/\/api.w.org\/{rel}","templated":true}]}}