{"id":10728,"date":"2024-09-07T15:08:18","date_gmt":"2024-09-07T15:08:18","guid":{"rendered":"https:\/\/parafiabesko.pl\/?p=10728"},"modified":"2024-09-07T15:08:18","modified_gmt":"2024-09-07T15:08:18","slug":"intencje-mszalne-9-15-09-2024r","status":"publish","type":"post","link":"https:\/\/parafiabesko.pl\/?p=10728","title":{"rendered":"Intencje mszalne 9-15.09.2024r."},"content":{"rendered":"<table>\n<tbody>\n<tr>\n<td rowspan=\"2\" width=\"166\"><strong>Poniedzia\u0142ek<\/strong><\/p>\n<p><strong>9.09.2024r.<\/strong><\/p>\n<p>&nbsp;<\/td>\n<td width=\"71\"><strong>7.00<\/strong><\/td>\n<td width=\"457\">+Magdalena Kurpiel of, c\u00f3rka Beata z rodzin\u0105<\/td>\n<\/tr>\n<tr>\n<td width=\"71\"><strong>18.00<\/strong><\/td>\n<td width=\"457\">1. \u2013Z okazji 18 urodzin z pro\u015bb\u0105 o opiek\u0119 Bo\u017c\u0105 w doros\u0142y\u00a0 \u017cyciu<\/p>\n<p>2. +Za\u00a0 zmar\u0142e siostry z r\u00f3\u017cy\u00a0 Niep. Pocz\u0119cia NMP prze\u0142o\u017cona Bronis\u0142awa Ziemia\u0144ska<\/td>\n<\/tr>\n<tr>\n<td rowspan=\"2\" width=\"166\"><strong>Wtorek<\/strong><\/p>\n<p><strong>10.09.2024r.<\/strong><\/p>\n<p><strong>\u00a0<\/strong><\/p>\n<p>&nbsp;<\/td>\n<td width=\"71\"><strong>7.00<\/strong><\/td>\n<td width=\"457\">+Stanis\u0142aw\u0119, Szczepan Sitek<\/td>\n<\/tr>\n<tr>\n<td width=\"71\"><strong>18.00<\/strong><\/td>\n<td width=\"457\">1. \u2013O opiek\u0119 Bo\u017c\u0105 dla rodzic\u00f3w, dzieci i wnuk\u00f3w<\/p>\n<p>2. +Helena, Maria Szafran of. syn Tomasz<\/p>\n<p>&nbsp;<\/td>\n<\/tr>\n<tr>\n<td rowspan=\"2\" width=\"166\"><strong>\u015aroda<\/strong><\/p>\n<p><strong>11.09.2024r.<\/strong><\/p>\n<p><strong>\u00a0<\/strong><\/p>\n<p><strong>\u00a0<\/strong><\/td>\n<td width=\"71\"><strong>7.00<\/strong><\/td>\n<td width=\"457\">+J\u00f3zef\u0119, Maria, Pawe\u0142 of. syn Pawe\u0142<\/td>\n<\/tr>\n<tr>\n<td width=\"71\"><strong>18.00<\/strong><\/td>\n<td width=\"457\">1. +Kazimierz Szul i zm. rodzice<\/p>\n<p>2.+Zdzis\u0142aw Rajter i zm. z rodziny<\/td>\n<\/tr>\n<tr>\n<td rowspan=\"2\" width=\"166\"><strong>Czwartek<\/strong><\/p>\n<p><strong>12.09.2024r.<\/strong><\/p>\n<p><strong>\u00a0<\/strong><\/p>\n<p>&nbsp;<\/td>\n<td width=\"71\"><strong>7.00<\/strong><\/td>\n<td width=\"457\">+Jan of. syn i Maria, Micha\u0142<\/td>\n<\/tr>\n<tr>\n<td width=\"71\"><strong>18.00<\/strong><\/td>\n<td width=\"457\">1. +Jan, Danuta, Ryszard<\/p>\n<p>2. +Stanis\u0142aw Mularczyk i zm. z rodziny<\/td>\n<\/tr>\n<tr>\n<td rowspan=\"2\" width=\"166\"><strong>Pi\u0105tek<\/strong><\/p>\n<p><strong>13.09.2024r.<\/strong><\/p>\n<p>&nbsp;<\/td>\n<td width=\"71\"><strong>7.00<\/strong><\/td>\n<td width=\"457\">+Stanis\u0142aw\u0119 Suwa\u0142a of. syn. \u0141ukasz z rodzin\u0105<\/td>\n<\/tr>\n<tr>\n<td width=\"71\"><strong>18.00<\/strong><\/td>\n<td width=\"457\">1. -W int. si\u00f3str\u00a0 z r\u00f3\u017cy Niep. Pocz\u0119cia NMP prze\u0142o\u017cona Bronis\u0142awa Ziemia\u0144ska<\/p>\n<p>2. \u2013W int. ks. Krzysztofa Szyndlera o potrzebne \u0142aski of. rodzina<\/td>\n<\/tr>\n<tr>\n<td rowspan=\"3\" width=\"166\"><strong>Sobota<\/strong><\/p>\n<p><strong>Odpust<\/strong><\/p>\n<p><strong>14.09.2024r.<\/strong><\/p>\n<p>&nbsp;<\/td>\n<td width=\"71\"><strong>7.30<\/strong><\/td>\n<td width=\"457\">+Jan Sza\u0142ankiewicz<\/td>\n<\/tr>\n<tr>\n<td width=\"71\"><strong>11.00<\/strong><\/td>\n<td width=\"457\"><strong>Za Parafian<\/strong><\/td>\n<\/tr>\n<tr>\n<td width=\"71\"><strong>18.00<\/strong><\/td>\n<td width=\"457\">+Jan Ja\u015blar \/5 r \u015bm.\/ i\u00a0 zm. z rodziny<\/td>\n<\/tr>\n<tr>\n<td rowspan=\"4\" width=\"166\"><strong>Niedziela<\/strong><\/p>\n<p><strong>15.09.2024r.<\/strong><\/p>\n<p>&nbsp;<\/td>\n<td width=\"71\"><strong>7.30<\/strong><\/td>\n<td width=\"457\">-O zdrowie i b\u0142og. dla dzieci, zi\u0119cia, synowej, wnuk\u00f3w of. mama<\/td>\n<\/tr>\n<tr>\n<td width=\"71\"><strong>9.15<\/strong><\/td>\n<td width=\"457\">-W intencji Panu Bogu wiadomej<\/td>\n<\/tr>\n<tr>\n<td width=\"71\"><strong>11.00<\/strong><\/td>\n<td width=\"457\"><strong>Za Parafian<\/strong><\/td>\n<\/tr>\n<tr>\n<td width=\"71\"><strong>16.30<\/strong><\/td>\n<td width=\"457\">+Wanda, W\u0142adys\u0142aw W\u0119grzyn \/22 r. \u015bm.\/<\/td>\n<\/tr>\n<\/tbody>\n<\/table>\n","protected":false},"excerpt":{"rendered":"<p>Poniedzia\u0142ek 9.09.2024r. &nbsp; 7.00 +Magdalena Kurpiel of, c\u00f3rka Beata z rodzin\u0105 18.00 1. \u2013Z okazji 18 urodzin z pro\u015bb\u0105 o opiek\u0119 Bo\u017c\u0105 w doros\u0142y\u00a0 \u017cyciu 2. +Za\u00a0 zmar\u0142e siostry z r\u00f3\u017cy\u00a0 Niep. Pocz\u0119cia NMP prze\u0142o\u017cona Bronis\u0142awa Ziemia\u0144ska Wtorek 10.09.2024r. \u00a0 &nbsp; 7.00 +Stanis\u0142aw\u0119, Szczepan Sitek 18.00 1. \u2013O opiek\u0119 Bo\u017c\u0105<span class=\"more-link\"><a href=\"https:\/\/parafiabesko.pl\/?p=10728\">Czytaj wi\u0119cej<\/a><\/span><\/p>\n","protected":false},"author":1,"featured_media":0,"comment_status":"closed","ping_status":"open","sticky":false,"template":"","format":"standard","meta":{"footnotes":""},"categories":[4],"tags":[],"class_list":["entry","author-adminparafiibesko","post-10728","post","type-post","status-publish","format-standard","category-intencje-mszalne"],"_links":{"self":[{"href":"https:\/\/parafiabesko.pl\/index.php?rest_route=\/wp\/v2\/posts\/10728","targetHints":{"allow":["GET"]}}],"collection":[{"href":"https:\/\/parafiabesko.pl\/index.php?rest_route=\/wp\/v2\/posts"}],"about":[{"href":"https:\/\/parafiabesko.pl\/index.php?rest_route=\/wp\/v2\/types\/post"}],"author":[{"embeddable":true,"href":"https:\/\/parafiabesko.pl\/index.php?rest_route=\/wp\/v2\/users\/1"}],"replies":[{"embeddable":true,"href":"https:\/\/parafiabesko.pl\/index.php?rest_route=%2Fwp%2Fv2%2Fcomments&post=10728"}],"version-history":[{"count":0,"href":"https:\/\/parafiabesko.pl\/index.php?rest_route=\/wp\/v2\/posts\/10728\/revisions"}],"wp:attachment":[{"href":"https:\/\/parafiabesko.pl\/index.php?rest_route=%2Fwp%2Fv2%2Fmedia&parent=10728"}],"wp:term":[{"taxonomy":"category","embeddable":true,"href":"https:\/\/parafiabesko.pl\/index.php?rest_route=%2Fwp%2Fv2%2Fcategories&post=10728"},{"taxonomy":"post_tag","embeddable":true,"href":"https:\/\/parafiabesko.pl\/index.php?rest_route=%2Fwp%2Fv2%2Ftags&post=10728"}],"curies":[{"name":"wp","href":"https:\/\/api.w.org\/{rel}","templated":true}]}}