{"id":10726,"date":"2024-08-31T17:42:02","date_gmt":"2024-08-31T17:42:02","guid":{"rendered":"https:\/\/parafiabesko.pl\/?p=10726"},"modified":"2024-08-31T17:42:02","modified_gmt":"2024-08-31T17:42:02","slug":"ogloszenia-parafialne-22-niedziela-zwykla-1-09-2024r","status":"publish","type":"post","link":"https:\/\/parafiabesko.pl\/?p=10726","title":{"rendered":"Og\u0142oszenia parafialne 22 Niedziela zwyk\u0142a 1.09.2024r."},"content":{"rendered":"<h3>Dzisiaj Niedziela Adoracyjna, od godz.12.00 do 16.00 prywatna adoracja rodzin naszej Parafii, o godz.16.00 nabo\u017ce\u0144stwo r\u00f3\u017ca\u0144cowe i zmiana tajemnic, adoruje r\u00f3\u017ca MB Kr\u00f3lowej Polski prze\u0142o\u017cona Krystyna Szajna.<\/h3>\n<h3>Taca z dzisiejszej niedzieli przeznaczona jest na Wy\u017csze Seminarium Duchowne w Przemy\u015blu.<\/h3>\n<h3>Jutro w poniedzia\u0142ek w ko\u015bciele w Besku o godz. 8.00 Msza \u015bw. na rozpocz\u0119cie nowego roku szkolnego i katechetycznego. Serdecznie zapraszamy rodzic\u00f3w nauczycieli i wychowawc\u00f3w na wsp\u00f3ln\u0105 modlitw\u0119. O godz. 18.00 modlitwa przy relikwiach \u015bw. Jana Paw\u0142a II.<\/h3>\n<h3>We wtorek o godz. 18.00 nabo\u017ce\u0144stwo do Bo\u017cego Mi\u0142osierdzia.<\/h3>\n<h3>We \u015brod\u0119 o godz. 18.00 nowenna do MB Nieustaj\u0105cej Pomocy.<\/h3>\n<h3>Pierwszy czwartek miesi\u0105ca o godz. 18.00 Godzina \u015bw.<\/h3>\n<h3>Pierwszy pi\u0105tek miesi\u0105ca o godz. 7.00 Msza \u015bwi\u0119ta i adoracja, adoruje r\u00f3\u017ca Matki Ko\u015bcio\u0142a prze\u0142o\u017cona Stanis\u0142awa Strachocka, wieczorem o godz. 18.00 Msza \u015bw. i adoracja. W ko\u015bcio\u0142ach filialnych w Por\u0119bach i Mymoniu o godz. 15.30 adoracja, spowied\u017a i Msza \u015bwi\u0119ta. Chorych w Besku b\u0119dziemy odwiedza\u0107 od godz. 8.00.<\/h3>\n<h3>Pierwsza sobota miesi\u0105ca o godz. 7.00 Msza \u015bw. i nabo\u017ce\u0144stwo do Matki Bo\u017cej adoruje r\u00f3\u017ca Matki Mi\u0142osierdzia prze\u0142o\u017cona Teresa Marchel. Wieczorem o godz. 20.00 wiecz\u00f3r fatimski.<\/h3>\n<h3>W przysz\u0142\u0105 niedziel\u0119 na cerkwisku o godz. 13.00 zostanie odprawiona Msza \u015bw. w obrz\u0119dzie grekokatolickim. Organizatorzy serdecznie zapraszaj\u0105 na wsp\u00f3ln\u0105 modlitw\u0119.<\/h3>\n","protected":false},"excerpt":{"rendered":"<p>Dzisiaj Niedziela Adoracyjna, od godz.12.00 do 16.00 prywatna adoracja rodzin naszej Parafii, o godz.16.00 nabo\u017ce\u0144stwo r\u00f3\u017ca\u0144cowe i zmiana tajemnic, adoruje r\u00f3\u017ca MB Kr\u00f3lowej Polski prze\u0142o\u017cona Krystyna Szajna. Taca z dzisiejszej niedzieli przeznaczona jest na Wy\u017csze Seminarium Duchowne w Przemy\u015blu. Jutro w poniedzia\u0142ek w ko\u015bciele w Besku o godz. 8.00 Msza<span class=\"more-link\"><a href=\"https:\/\/parafiabesko.pl\/?p=10726\">Czytaj wi\u0119cej<\/a><\/span><\/p>\n","protected":false},"author":1,"featured_media":0,"comment_status":"closed","ping_status":"open","sticky":false,"template":"","format":"standard","meta":{"footnotes":""},"categories":[7],"tags":[],"class_list":["entry","author-adminparafiibesko","post-10726","post","type-post","status-publish","format-standard","category-ogloszenia-parafialne"],"_links":{"self":[{"href":"https:\/\/parafiabesko.pl\/index.php?rest_route=\/wp\/v2\/posts\/10726","targetHints":{"allow":["GET"]}}],"collection":[{"href":"https:\/\/parafiabesko.pl\/index.php?rest_route=\/wp\/v2\/posts"}],"about":[{"href":"https:\/\/parafiabesko.pl\/index.php?rest_route=\/wp\/v2\/types\/post"}],"author":[{"embeddable":true,"href":"https:\/\/parafiabesko.pl\/index.php?rest_route=\/wp\/v2\/users\/1"}],"replies":[{"embeddable":true,"href":"https:\/\/parafiabesko.pl\/index.php?rest_route=%2Fwp%2Fv2%2Fcomments&post=10726"}],"version-history":[{"count":0,"href":"https:\/\/parafiabesko.pl\/index.php?rest_route=\/wp\/v2\/posts\/10726\/revisions"}],"wp:attachment":[{"href":"https:\/\/parafiabesko.pl\/index.php?rest_route=%2Fwp%2Fv2%2Fmedia&parent=10726"}],"wp:term":[{"taxonomy":"category","embeddable":true,"href":"https:\/\/parafiabesko.pl\/index.php?rest_route=%2Fwp%2Fv2%2Fcategories&post=10726"},{"taxonomy":"post_tag","embeddable":true,"href":"https:\/\/parafiabesko.pl\/index.php?rest_route=%2Fwp%2Fv2%2Ftags&post=10726"}],"curies":[{"name":"wp","href":"https:\/\/api.w.org\/{rel}","templated":true}]}}