{"id":10724,"date":"2024-08-31T17:35:03","date_gmt":"2024-08-31T17:35:03","guid":{"rendered":"https:\/\/parafiabesko.pl\/?p=10724"},"modified":"2024-08-31T17:35:03","modified_gmt":"2024-08-31T17:35:03","slug":"intencje-mszalne-2-8-09-2024r","status":"publish","type":"post","link":"https:\/\/parafiabesko.pl\/?p=10724","title":{"rendered":"Intencje mszalne 2-8.09.2024r."},"content":{"rendered":"<table>\n<tbody>\n<tr>\n<td rowspan=\"3\" width=\"166\"><strong>Poniedzia\u0142ek<\/strong><\/p>\n<p><strong>2.09.2024r.<\/strong><\/p>\n<p>&nbsp;<\/td>\n<td width=\"71\"><strong>7.00<\/strong><\/td>\n<td width=\"457\">+Miko\u0142aj, Katarzyna i zm. z rodziny<\/td>\n<\/tr>\n<tr>\n<td width=\"71\"><strong>8.00<\/strong><\/td>\n<td width=\"457\">-Msza \u015bw. na rozpocz\u0119cie roku szkolnego i katechetycznego<\/td>\n<\/tr>\n<tr>\n<td width=\"71\"><strong>18.00<\/strong><\/td>\n<td width=\"457\">1. +Janina Kwocza\u0142a of. ZGK w Besku<\/p>\n<p>2. +Henryk, Eugenia Szul<\/td>\n<\/tr>\n<tr>\n<td rowspan=\"2\" width=\"166\"><strong>Wtorek<\/strong><\/p>\n<p><strong>3.09.2024r.<\/strong><\/p>\n<p><strong>\u00a0<\/strong><\/p>\n<p>&nbsp;<\/td>\n<td width=\"71\"><strong>7.00<\/strong><\/td>\n<td width=\"457\">+Eugenia, Alojzy Mroczkowski<\/td>\n<\/tr>\n<tr>\n<td width=\"71\"><strong>18.00<\/strong><\/td>\n<td width=\"457\">1. +Agnieszka Matuszek of. rodz. Kornasiewicz<\/p>\n<p>2. \u2013O zdrowie i opiek\u0119 Bo\u017c\u0105 dla si\u00f3str z r\u00f3\u017cy \u015bw. siostry Faustyny\u00a0 prze\u0142o\u017cona Maria Mroczkowska<\/td>\n<\/tr>\n<tr>\n<td rowspan=\"2\" width=\"166\"><strong>\u015aroda<\/strong><\/p>\n<p><strong>4.09.2024r.<\/strong><\/p>\n<p><strong>\u00a0<\/strong><\/p>\n<p><strong>\u00a0<\/strong><\/td>\n<td width=\"71\"><strong>7.00<\/strong><\/td>\n<td width=\"457\">+Janina Kwocza\u0142a<\/td>\n<\/tr>\n<tr>\n<td width=\"71\"><strong>18.00<\/strong><\/td>\n<td width=\"457\">1. \u2013Msza \u015bw. dzi\u0119kczynna za sakrament Bierzmowania of. absolwenci<\/p>\n<p>2. +Kazimiera\/13 r. \u015bm.\/, Jan i zm. z rodziny<\/td>\n<\/tr>\n<tr>\n<td rowspan=\"2\" width=\"166\"><strong>Czwartek<\/strong><\/p>\n<p><strong>5.09.2024r.<\/strong><\/p>\n<p><strong>\u00a0<\/strong><\/p>\n<p>&nbsp;<\/td>\n<td width=\"71\"><strong>7.00<\/strong><\/td>\n<td width=\"457\">+Aniela Szybka of. OSP w Besku<\/td>\n<\/tr>\n<tr>\n<td width=\"71\"><strong>18.00<\/strong><\/td>\n<td width=\"457\">1. \u2013O zdrowie i b\u0142og. Bo\u017ce dla si\u00f3str z r\u00f3\u017cy \u015bw. Jadwigi<\/p>\n<p>2. \u2013Dzi\u0119kczynna za otrzymane \u0142aski<\/td>\n<\/tr>\n<tr>\n<td rowspan=\"2\" width=\"166\"><strong>Pi\u0105tek<\/strong><\/p>\n<p><strong>6.09.2024r.<\/strong><\/p>\n<p><strong>\u00a0<\/strong><\/p>\n<p>&nbsp;<\/td>\n<td width=\"71\"><strong>7.00<\/strong><\/td>\n<td width=\"457\">+Magdalena Kurpiel of. m\u0105\u017c<\/td>\n<\/tr>\n<tr>\n<td width=\"71\"><strong>18.00<\/strong><\/td>\n<td width=\"457\">+Stanis\u0142aw, J\u00f3zef\u0119 of. syn. J\u00f3zef<\/td>\n<\/tr>\n<tr>\n<td rowspan=\"2\" width=\"166\"><strong>Sobota<\/strong><\/p>\n<p><strong>7.09.2024r.<\/strong><\/p>\n<p><strong>\u00a0<\/strong><\/p>\n<p>&nbsp;<\/td>\n<td width=\"71\"><strong>7.00<\/strong><\/td>\n<td width=\"457\">+Aniela Szybka of. wnuczka Marzena z rodzin\u0105<\/td>\n<\/tr>\n<tr>\n<td width=\"71\"><strong>20.00<\/strong><\/td>\n<td width=\"457\">1. +Jan Wac\u0142awski of. \u017cona<\/p>\n<p>2. +Bronis\u0142aw\u0119 Szmydt of. rodz. Wac\u0142awskich<\/td>\n<\/tr>\n<tr>\n<td rowspan=\"4\" width=\"166\"><strong>Niedziela<\/strong><\/p>\n<p><strong>8.09.2024r.<\/strong><\/p>\n<p><strong>\u00a0<\/strong><\/p>\n<p>&nbsp;<\/td>\n<td width=\"71\"><strong>7.30<\/strong><\/td>\n<td width=\"457\">+W\u0142adys\u0142aw Rysz \/17 r. \u015bm.\/<\/td>\n<\/tr>\n<tr>\n<td width=\"71\"><strong>9.15<\/strong><\/td>\n<td width=\"457\">+Boles\u0142aw Borkowski i zm. rodzice<\/td>\n<\/tr>\n<tr>\n<td width=\"71\"><strong>11.00<\/strong><\/td>\n<td width=\"457\"><strong>Za Parafian<\/strong><\/td>\n<\/tr>\n<tr>\n<td width=\"71\"><strong>16.30<\/strong><\/td>\n<td width=\"457\">+Kazimiera Czy\u017c \/4 r. \u015bm.\/<\/td>\n<\/tr>\n<\/tbody>\n<\/table>\n","protected":false},"excerpt":{"rendered":"<p>Poniedzia\u0142ek 2.09.2024r. &nbsp; 7.00 +Miko\u0142aj, Katarzyna i zm. z rodziny 8.00 -Msza \u015bw. na rozpocz\u0119cie roku szkolnego i katechetycznego 18.00 1. +Janina Kwocza\u0142a of. ZGK w Besku 2. +Henryk, Eugenia Szul Wtorek 3.09.2024r. \u00a0 &nbsp; 7.00 +Eugenia, Alojzy Mroczkowski 18.00 1. +Agnieszka Matuszek of. rodz. Kornasiewicz 2. \u2013O zdrowie i<span class=\"more-link\"><a href=\"https:\/\/parafiabesko.pl\/?p=10724\">Czytaj wi\u0119cej<\/a><\/span><\/p>\n","protected":false},"author":1,"featured_media":0,"comment_status":"closed","ping_status":"open","sticky":false,"template":"","format":"standard","meta":{"footnotes":""},"categories":[4],"tags":[],"class_list":["entry","author-adminparafiibesko","post-10724","post","type-post","status-publish","format-standard","category-intencje-mszalne"],"_links":{"self":[{"href":"https:\/\/parafiabesko.pl\/index.php?rest_route=\/wp\/v2\/posts\/10724","targetHints":{"allow":["GET"]}}],"collection":[{"href":"https:\/\/parafiabesko.pl\/index.php?rest_route=\/wp\/v2\/posts"}],"about":[{"href":"https:\/\/parafiabesko.pl\/index.php?rest_route=\/wp\/v2\/types\/post"}],"author":[{"embeddable":true,"href":"https:\/\/parafiabesko.pl\/index.php?rest_route=\/wp\/v2\/users\/1"}],"replies":[{"embeddable":true,"href":"https:\/\/parafiabesko.pl\/index.php?rest_route=%2Fwp%2Fv2%2Fcomments&post=10724"}],"version-history":[{"count":0,"href":"https:\/\/parafiabesko.pl\/index.php?rest_route=\/wp\/v2\/posts\/10724\/revisions"}],"wp:attachment":[{"href":"https:\/\/parafiabesko.pl\/index.php?rest_route=%2Fwp%2Fv2%2Fmedia&parent=10724"}],"wp:term":[{"taxonomy":"category","embeddable":true,"href":"https:\/\/parafiabesko.pl\/index.php?rest_route=%2Fwp%2Fv2%2Fcategories&post=10724"},{"taxonomy":"post_tag","embeddable":true,"href":"https:\/\/parafiabesko.pl\/index.php?rest_route=%2Fwp%2Fv2%2Ftags&post=10724"}],"curies":[{"name":"wp","href":"https:\/\/api.w.org\/{rel}","templated":true}]}}