{"id":10721,"date":"2024-08-24T17:21:42","date_gmt":"2024-08-24T17:21:42","guid":{"rendered":"https:\/\/parafiabesko.pl\/?p=10721"},"modified":"2024-08-24T17:21:42","modified_gmt":"2024-08-24T17:21:42","slug":"ogloszenia-parafialne-21-niedziela-zwykla-25-08-2024r","status":"publish","type":"post","link":"https:\/\/parafiabesko.pl\/?p=10721","title":{"rendered":"Og\u0142oszenia parafialne 21 Niedziela zwyk\u0142a 25.08.2024r."},"content":{"rendered":"<h3>Decyzj\u0105 ksi\u0119dza arcybiskupa Metropolity Przemyskiego Adama Szala pos\u0142ug\u0119 duszpastersk\u0105 w naszej Parafii zako\u0144czy\u0142 ksi\u0105dz wikariusz ks. Piotr Dytko, kt\u00f3ry zosta\u0142 mianowany proboszczem Parafii G\u00f3rki, serdecznie dzi\u0119kujemy za gorliw\u0105 prac\u0119 nad u\u015bwi\u0119ceniem naszych dusz. Pos\u0142ug\u0119 wikariusza rozpocz\u0105\u0142 ks. Tomasz Mozgowoj. \u017byczymy nowemu wikariuszowi wiele rado\u015bci kap\u0142a\u0144skiej w pracy duszpasterskiej w naszej Parafii.<\/h3>\n<h3>W poniedzia\u0142ek Uroczysto\u015b\u0107 MB Cz\u0119stochowskiej, o godz. 18.00 modlitwa przy relikwiach \u015bw. Jana Paw\u0142a II. O godz. 19.30 Msza \u015bw. dla m\u0119\u017cczyzn. Serdecznie zapraszamy.<\/h3>\n<h3>We wtorek o godz. 18.00 nabo\u017ce\u0144stwo do Bo\u017cego Mi\u0142osierdzia.<\/h3>\n<h3>We \u015brod\u0119 o godz. 18.00 nowenna do MB Nieustaj\u0105cej Pomocy.<\/h3>\n<h3>Spowied\u017a na rozpocz\u0119cie nowego roku szkolnego i katechetycznego w najbli\u017csz\u0105 sobot\u0119 od godz. 17.00. Prosimy rodzic\u00f3w, aby przypomnieli dzieciom o spowiedzi.<\/h3>\n<h3>W przysz\u0142\u0105 niedziel\u0119 przypada Niedziela Adoracyjna, od godz.12.00 do 16.00 prywatna adoracja rodzin naszej Parafii, o godz.16.00 nabo\u017ce\u0144stwo r\u00f3\u017ca\u0144cowe i zmiana tajemnic, adoruje r\u00f3\u017ca MB Kr\u00f3lowej Polski prze\u0142o\u017cona Krystyna Szajna.<\/h3>\n<h3>W przysz\u0142\u0105 niedziel\u0119 1 wrze\u015bnia 2024r. w ko\u015bciele filialnym w Mymoniu o godz. 14.00 Msza \u015bw. do\u017cynkowa, a po niej Do\u017cynki Gminne. Organizatorzy serdecznie zapraszaj\u0105 na \u015bwi\u0119to dzi\u0119kczynienia za tegoroczne plony.<\/h3>\n","protected":false},"excerpt":{"rendered":"<p>Decyzj\u0105 ksi\u0119dza arcybiskupa Metropolity Przemyskiego Adama Szala pos\u0142ug\u0119 duszpastersk\u0105 w naszej Parafii zako\u0144czy\u0142 ksi\u0105dz wikariusz ks. Piotr Dytko, kt\u00f3ry zosta\u0142 mianowany proboszczem Parafii G\u00f3rki, serdecznie dzi\u0119kujemy za gorliw\u0105 prac\u0119 nad u\u015bwi\u0119ceniem naszych dusz. Pos\u0142ug\u0119 wikariusza rozpocz\u0105\u0142 ks. Tomasz Mozgowoj. \u017byczymy nowemu wikariuszowi wiele rado\u015bci kap\u0142a\u0144skiej w pracy duszpasterskiej w naszej<span class=\"more-link\"><a href=\"https:\/\/parafiabesko.pl\/?p=10721\">Czytaj wi\u0119cej<\/a><\/span><\/p>\n","protected":false},"author":1,"featured_media":0,"comment_status":"closed","ping_status":"open","sticky":false,"template":"","format":"standard","meta":{"footnotes":""},"categories":[7],"tags":[],"class_list":["entry","author-adminparafiibesko","post-10721","post","type-post","status-publish","format-standard","category-ogloszenia-parafialne"],"_links":{"self":[{"href":"https:\/\/parafiabesko.pl\/index.php?rest_route=\/wp\/v2\/posts\/10721","targetHints":{"allow":["GET"]}}],"collection":[{"href":"https:\/\/parafiabesko.pl\/index.php?rest_route=\/wp\/v2\/posts"}],"about":[{"href":"https:\/\/parafiabesko.pl\/index.php?rest_route=\/wp\/v2\/types\/post"}],"author":[{"embeddable":true,"href":"https:\/\/parafiabesko.pl\/index.php?rest_route=\/wp\/v2\/users\/1"}],"replies":[{"embeddable":true,"href":"https:\/\/parafiabesko.pl\/index.php?rest_route=%2Fwp%2Fv2%2Fcomments&post=10721"}],"version-history":[{"count":0,"href":"https:\/\/parafiabesko.pl\/index.php?rest_route=\/wp\/v2\/posts\/10721\/revisions"}],"wp:attachment":[{"href":"https:\/\/parafiabesko.pl\/index.php?rest_route=%2Fwp%2Fv2%2Fmedia&parent=10721"}],"wp:term":[{"taxonomy":"category","embeddable":true,"href":"https:\/\/parafiabesko.pl\/index.php?rest_route=%2Fwp%2Fv2%2Fcategories&post=10721"},{"taxonomy":"post_tag","embeddable":true,"href":"https:\/\/parafiabesko.pl\/index.php?rest_route=%2Fwp%2Fv2%2Ftags&post=10721"}],"curies":[{"name":"wp","href":"https:\/\/api.w.org\/{rel}","templated":true}]}}