{"id":10719,"date":"2024-08-24T17:18:31","date_gmt":"2024-08-24T17:18:31","guid":{"rendered":"https:\/\/parafiabesko.pl\/?p=10719"},"modified":"2024-08-24T17:18:31","modified_gmt":"2024-08-24T17:18:31","slug":"intencje-mszalne-26-08-1-09-2024r","status":"publish","type":"post","link":"https:\/\/parafiabesko.pl\/?p=10719","title":{"rendered":"Intencje mszalne 26.08.-1.09.2024r."},"content":{"rendered":"<table>\n<tbody>\n<tr>\n<td rowspan=\"2\" width=\"166\"><strong>Poniedzia\u0142ek<\/strong><\/p>\n<p><strong>26.08.2024r.<\/strong><\/p>\n<p>&nbsp;<\/td>\n<td width=\"71\"><strong>7.00<\/strong><\/td>\n<td width=\"457\">-O trze\u017awo\u015b\u0107 naszego narodu of. r\u00f3\u017ca Niepokalanego Pocz\u0119cia NMP<\/td>\n<\/tr>\n<tr>\n<td width=\"71\"><strong>18.00<\/strong><\/td>\n<td width=\"457\">+Wojciech, Magdalena, Maciej Boles\u0142aw Zubik<\/td>\n<\/tr>\n<tr>\n<td rowspan=\"2\" width=\"166\"><strong>Wtorek<\/strong><\/p>\n<p><strong>27.08.2024r.<\/strong><\/p>\n<p>&nbsp;<\/td>\n<td width=\"71\"><strong>7.00<\/strong><\/td>\n<td width=\"457\">+Robert Paduch of. mama<\/td>\n<\/tr>\n<tr>\n<td width=\"71\"><strong>18.00<\/strong><\/td>\n<td width=\"457\">-Dzi\u0119kczynna w rocznic\u0119 \u015blubu z pro\u015bb\u0105 o \u0142ask\u0119 zdrowia i b\u0142og. Bo\u017ce w rodzinie<\/td>\n<\/tr>\n<tr>\n<td rowspan=\"2\" width=\"166\"><strong>\u015aroda<\/strong><\/p>\n<p><strong>28.08.2024r.<\/strong><\/p>\n<p><strong>\u00a0<\/strong><\/p>\n<p><strong>\u00a0<\/strong><\/td>\n<td width=\"71\"><strong>7.00<\/strong><\/td>\n<td width=\"457\">+Janina Kwocza\u0142a<\/td>\n<\/tr>\n<tr>\n<td width=\"71\"><strong>18.00<\/strong><\/td>\n<td width=\"457\">-W intencji r\u00f3\u017cy \u015bw. Jana Paw\u0142a II z pro\u015bb\u0105 o b\u0142og. Bo\u017ce<\/td>\n<\/tr>\n<tr>\n<td rowspan=\"2\" width=\"166\"><strong>Czwartek<\/strong><\/p>\n<p><strong>29.08.2024r.<\/strong><\/p>\n<p><strong>\u00a0<\/strong><\/p>\n<p>&nbsp;<\/td>\n<td width=\"71\"><strong>7.00<\/strong><\/td>\n<td width=\"457\">+Janina Kwocza\u0142a of. rodzina Rygiel<\/td>\n<\/tr>\n<tr>\n<td width=\"71\"><strong>18.00<\/strong><\/td>\n<td width=\"457\">+Za zmar\u0142ych z rodz. Bia\u0142as<\/td>\n<\/tr>\n<tr>\n<td rowspan=\"2\" width=\"166\"><strong>Pi\u0105tek<\/strong><\/p>\n<p><strong>30.08.2024r.<\/strong><\/p>\n<p><strong>\u00a0<\/strong><\/p>\n<p>&nbsp;<\/td>\n<td width=\"71\"><strong>7.00<\/strong><\/td>\n<td width=\"457\">+Aniela Szybka of. syn Wies\u0142aw z rodzin\u0105<\/td>\n<\/tr>\n<tr>\n<td width=\"71\"><strong>18.00<\/strong><\/td>\n<td width=\"457\">+Maria, J\u00f3zef Mermer<\/td>\n<\/tr>\n<tr>\n<td rowspan=\"2\" width=\"166\"><strong>Sobota<\/strong><\/p>\n<p><strong>31.08.2024r.<\/strong><\/p>\n<p><strong>\u00a0<\/strong><\/p>\n<p>&nbsp;<\/td>\n<td width=\"71\"><strong>7.00<\/strong><\/td>\n<td width=\"457\">-O opiek\u0119 Bo\u017c\u0105 i zdrowie si\u00f3str z r\u00f3\u017cy MB Mi\u0142osierdzia Prze\u0142o\u017cona Teresa Marchel<\/td>\n<\/tr>\n<tr>\n<td width=\"71\"><strong>18.00<\/strong><\/td>\n<td width=\"457\">+Maria Mermer \/6 r. \u015bm.\/<\/td>\n<\/tr>\n<tr>\n<td rowspan=\"4\" width=\"166\"><strong>Niedziela<\/strong><\/p>\n<p><strong>1.09.2024r.<\/strong><\/p>\n<p><strong>\u00a0<\/strong><\/p>\n<p>&nbsp;<\/td>\n<td width=\"71\"><strong>7.30<\/strong><\/td>\n<td width=\"457\">-Dzi\u0119kczynna w 45 r. \u015blubu Teresy i Edwarda z pro\u015bb\u0105 o b\u0142og. Bo\u017ce i opiek\u0119 Bo\u017c\u0105 M Bo\u017cej of. c\u00f3rki<\/td>\n<\/tr>\n<tr>\n<td width=\"71\"><strong>9.15<\/strong><\/td>\n<td width=\"457\">+Marian Jasi\u0144ski \/6 r. \u015bm.\/<\/td>\n<\/tr>\n<tr>\n<td width=\"71\"><strong>11.00<\/strong><\/td>\n<td width=\"457\"><strong>Za Parafian<\/strong><\/td>\n<\/tr>\n<tr>\n<td width=\"71\"><strong>16.30<\/strong><\/td>\n<td width=\"457\">+Edward, \u0141ukasz Stanis\u0142aw Chyna\u0142<\/td>\n<\/tr>\n<\/tbody>\n<\/table>\n","protected":false},"excerpt":{"rendered":"<p>Poniedzia\u0142ek 26.08.2024r. &nbsp; 7.00 -O trze\u017awo\u015b\u0107 naszego narodu of. r\u00f3\u017ca Niepokalanego Pocz\u0119cia NMP 18.00 +Wojciech, Magdalena, Maciej Boles\u0142aw Zubik Wtorek 27.08.2024r. &nbsp; 7.00 +Robert Paduch of. mama 18.00 -Dzi\u0119kczynna w rocznic\u0119 \u015blubu z pro\u015bb\u0105 o \u0142ask\u0119 zdrowia i b\u0142og. Bo\u017ce w rodzinie \u015aroda 28.08.2024r. \u00a0 \u00a0 7.00 +Janina Kwocza\u0142a 18.00<span class=\"more-link\"><a href=\"https:\/\/parafiabesko.pl\/?p=10719\">Czytaj wi\u0119cej<\/a><\/span><\/p>\n","protected":false},"author":1,"featured_media":0,"comment_status":"closed","ping_status":"open","sticky":false,"template":"","format":"standard","meta":{"footnotes":""},"categories":[4],"tags":[],"class_list":["entry","author-adminparafiibesko","post-10719","post","type-post","status-publish","format-standard","category-intencje-mszalne"],"_links":{"self":[{"href":"https:\/\/parafiabesko.pl\/index.php?rest_route=\/wp\/v2\/posts\/10719","targetHints":{"allow":["GET"]}}],"collection":[{"href":"https:\/\/parafiabesko.pl\/index.php?rest_route=\/wp\/v2\/posts"}],"about":[{"href":"https:\/\/parafiabesko.pl\/index.php?rest_route=\/wp\/v2\/types\/post"}],"author":[{"embeddable":true,"href":"https:\/\/parafiabesko.pl\/index.php?rest_route=\/wp\/v2\/users\/1"}],"replies":[{"embeddable":true,"href":"https:\/\/parafiabesko.pl\/index.php?rest_route=%2Fwp%2Fv2%2Fcomments&post=10719"}],"version-history":[{"count":0,"href":"https:\/\/parafiabesko.pl\/index.php?rest_route=\/wp\/v2\/posts\/10719\/revisions"}],"wp:attachment":[{"href":"https:\/\/parafiabesko.pl\/index.php?rest_route=%2Fwp%2Fv2%2Fmedia&parent=10719"}],"wp:term":[{"taxonomy":"category","embeddable":true,"href":"https:\/\/parafiabesko.pl\/index.php?rest_route=%2Fwp%2Fv2%2Fcategories&post=10719"},{"taxonomy":"post_tag","embeddable":true,"href":"https:\/\/parafiabesko.pl\/index.php?rest_route=%2Fwp%2Fv2%2Ftags&post=10719"}],"curies":[{"name":"wp","href":"https:\/\/api.w.org\/{rel}","templated":true}]}}