{"id":1071,"date":"2013-08-05T19:50:18","date_gmt":"2013-08-05T19:50:18","guid":{"rendered":"http:\/\/parafiabesko.pl\/?p=1071"},"modified":"2013-08-05T19:50:18","modified_gmt":"2013-08-05T19:50:18","slug":"ojciec-swiadek-wiary-i-trzezwosci","status":"publish","type":"post","link":"https:\/\/parafiabesko.pl\/?p=1071","title":{"rendered":"Ojciec \u2013 \u015bwiadek wiary i trze\u017awo\u015bci"},"content":{"rendered":"<p style=\"text-align: justify;\">\n\t<em>Apel Zespo\u0142u Konferencji Episkopatu Polski ds. Apostolstwa Trze\u017awo\u015bci na sierpie\u0144 &ndash; miesi\u0105c abstynencji<\/em>\n<\/p>\n<p>\n\t<!--more-->\n<\/p>\n<p style=\"text-align: justify;\">\n\t<strong>Sierpniowa abstynencja &ndash; potrzebna, cenna i mo\u017cliwa<\/strong>\n<\/p>\n<p style=\"text-align: justify;\">\n\tRozpoczyna si\u0119 sierpie\u0144 &#8211; w polskiej historii miesi\u0105c szczeg&oacute;lny. To dobry czas, by&nbsp;przypomnie\u0107, \u017ce osoby niepe\u0142noletnie zobowi\u0105zane s\u0105 do ca\u0142kowitej abstynencji, za\u015b wszystkich doros\u0142ych obowi\u0105zuje umiar w&nbsp;spo\u017cywaniu napoj&oacute;w alkoholowych. W sierpniu prosimy o co\u015b wi\u0119cej, ni\u017c zachowanie trze\u017awo\u015bci. Prosimy o&nbsp;szczeg&oacute;lny dar, jakim jest abstynencja! Ten apel wzbudza wiele kontrowersji. Dlatego ponownie przypominamy jego istot\u0119.\n<\/p>\n<p style=\"text-align: justify;\">\n\tAbstynencja &#8211; to s\u0142owo bardzo sponiewierane w \u015bwiecie nieograniczonej konsumpcji. Jednak tak\u017ce w XXI w. jest ona potrzebna i cenna, a przede wszystkim &#8211; mo\u017cliwa. Nie jest to smutne ograniczenie, ale szansa, \u017ar&oacute;d\u0142o mocy wewn\u0119trznej, \u017ar&oacute;d\u0142o \u017cycia i&nbsp;rado\u015bci! Takie&nbsp;\u015bwiadome i dobrowolne wyrzeczenie bardziej ni\u017c nakazy i zakazy pokazuje, co jest w&nbsp;\u017cyciu cenne. Warto rozumie\u0107 abstynencj\u0119 jako dzie\u0142o duchowe, jako dar mi\u0142o\u015bci, jaki sk\u0142adamy z czego\u015b, do&nbsp;czego jako doro\u015bli mamy prawo. Takie rozumienie tej postawy przekazali nam wielcy Polacy: S\u0142uga Bo\u017cy ks. Franciszek Blachnicki, za\u0142o\u017cyciel Ruchu Oazowego i Krucjaty Wyzwolenia Cz\u0142owieka, a wcze\u015bniej ks. Jan Kapica &ndash; proboszcz w&nbsp;Tychach, gorliwy krzewiciel abstynencji na prze\u0142omie XIX i XX wieku. Abstynencja to&nbsp;d\u0105\u017cenie ku pe\u0142nej wolno\u015bci, kt&oacute;ra jest po to, aby kocha\u0107 Boga, siebie samego i drugiego cz\u0142owieka.\n<\/p>\n<p style=\"text-align: justify;\">\n\tDlatego r&oacute;wnie\u017c w tym roku zach\u0119camy:&nbsp; bracia i siostry, podejmijcie abstynencj\u0119 w&nbsp;sierpniu! Zw\u0142aszcza w&nbsp;Roku Wiary ta pro\u015bba nabiera szczeg&oacute;lnego znaczenia, bowiem wiele os&oacute;b przez brak trze\u017awo\u015bci traci wiar\u0119. Niech nasza sierpniowa abstynencja b\u0119dzie ofiar\u0105 w intencji ich powrotu do jedno\u015bci z Bogiem. Podejmijmy j\u0105 tak\u017ce z pobudek patriotycznych i&nbsp;spo\u0142ecznych. Pami\u0119tajmy, \u017ce sierpie\u0144 jest miesi\u0105cem, w kt&oacute;rym prze\u017cywamy wiele wa\u017cnych \u015bwi\u0105t maryjnych i rocznic narodowych &ndash; niech abstynencja b\u0119dzie jedn\u0105 z&nbsp;form podkre\u015blenia donios\u0142o\u015bci tych dni. Nie zamykajmy oczu na zagro\u017cenia, kt&oacute;re niszcz\u0105 \u017cycie milion&oacute;w rodzin, os\u0142abiaj\u0105 Ko\u015bci&oacute;\u0142 i ca\u0142\u0105 nasz\u0105 ojczyzn\u0119. Nie lekcewa\u017cmy b&oacute;lu i&nbsp;cierpienia dzieci, \u017con i matek, bezmiaru ich smutku, rozpaczy, utraconej nadziei i&nbsp;zaprzepaszczonych marze\u0144. Nie przechod\u017amy oboj\u0119tnie obok tych problem&oacute;w. Niech abstynencja stanie si\u0119 odwa\u017cnym znakiem naszej troski o \u017cycie narodu.\n<\/p>\n<p style=\"text-align: justify;\">\n\tPro\u015bba o abstynencj\u0119 nie jest adresowana jedynie do os&oacute;b, kt&oacute;re borykaj\u0105 si\u0119 z&nbsp;problemem alkoholowym. Sierpniowy apel nie jest te\u017c moralnym szanta\u017cem wobec tych, kt&oacute;rzy nie nadu\u017cywaj\u0105 alkoholu, ale nie widz\u0105 nic z\u0142ego w umiarkowanym towarzyskim piciu podczas wakacji. Jest&nbsp;to apel o&nbsp;wolno\u015b\u0107, o rado\u015b\u0107 i&nbsp;&nbsp;\u017cycie warto\u015bciami. Naszym \u015bwiadectwem sierpniowej abstynencji mo\u017cemy pokaza\u0107, \u017ce&nbsp;zale\u017cy nam na trze\u017awo\u015bci drugiego cz\u0142owieka i&nbsp;ca\u0142ego narodu. Jednocze\u015bnie sami przed sob\u0105 mo\u017cemy udowodni\u0107, \u017ce potrafimy \u017cy\u0107 bez alkoholu, \u017ce&nbsp;mo\u017cemy bez niego wytrzyma\u0107 tych kilka sierpniowych tygodni.\n<\/p>\n<p style=\"text-align: justify;\">\n\tPro\u015bba o abstynencj\u0119 ma nam r&oacute;wnie\u017c przypomnie\u0107, \u017ce alkohol nie jest dla cz\u0142owieka substancj\u0105 neutraln\u0105. Ze wzgl\u0119du na swoje w\u0142a\u015bciwo\u015bci jest substancj\u0105 podst\u0119pn\u0105, wr\u0119cz zdradzieck\u0105. Sp&oacute;jrzmy na niemal milion os&oacute;b uzale\u017cnionych, na wiele milion&oacute;w pij\u0105cych ryzykownie i&nbsp;szkodliwie. Polacy wydali w ubieg\u0142ym roku ponad 30 miliard&oacute;w z\u0142otych na alkohol. Spo\u017cycie alkoholu na osob\u0119 od 15 roku \u017cycia wynosi 13,6 litra. Nale\u017cy do tego doda\u0107 od&nbsp;2 do 3 litr&oacute;w alkoholu nierejestrowanego. To nie s\u0105 jednostkowe problemy &ndash; to jest wielki problem spo\u0142eczny. Zjawisko to dotyka nas w spos&oacute;b szczeg&oacute;lnie upokarzaj\u0105cy. Inni&nbsp;m&oacute;wi\u0105 o&nbsp;nas: pijany jak Polak. M&oacute;wi\u0105 tak nawet ci, kt&oacute;rzy pij\u0105 du\u017co wi\u0119cej, gdy\u017c widocznie obnosimy si\u0119 z nasz\u0105 s\u0142abo\u015bci\u0105, a niekiedy nawet absurdalnie si\u0119 ni\u0105 szczycimy! Oswoili\u015bmy si\u0119 z t\u0105 wad\u0105, uwa\u017camy j\u0105 za oczywist\u0105. Niestety dotyczy to tak\u017ce wielu m\u0142odych, kt&oacute;rym poprzez nieustann\u0105 promocj\u0119 wm&oacute;wiono, \u017ce bez&nbsp; alkoholu nie ma dobrej zabawy. Dlatego szczeg&oacute;lnie m\u0142odym przypominamy, \u017ce w problemy alkoholowe wpada si\u0119 \u0142atwo i szybko, a&nbsp;wychodzi z nich z&nbsp;wielkim trudem, a cz\u0119sto przegrywa si\u0119 \u017cycie.\n<\/p>\n<p style=\"text-align: justify;\">\n\t<strong>Ojciec &ndash; \u015bwiadek wiary i trze\u017awo\u015bci<\/strong>\n<\/p>\n<p style=\"text-align: justify;\">\n\tW Apostolstwie Trze\u017awo\u015bci prze\u017cywamy ten rok pod has\u0142em: &bdquo;Ojciec &ndash; \u015bwiadek wiary i trze\u017awo\u015bci.&rdquo; Pierwszym krokiem na drodze do dojrza\u0142ego ojcostwa jest na\u015bladowanie Boga w Jego mi\u0142o\u015bci. W mi\u0142o\u015bci wiernej i&nbsp;ofiarnej, ale&nbsp;jednocze\u015bnie m\u0105drej, to&nbsp;znaczy nie toleruj\u0105cej z\u0142a, lecz stawiaj\u0105cej wymagania. Nie ma nic pi\u0119kniejszego dla&nbsp;ojca, ni\u017c mo\u017cliwo\u015b\u0107 powiedzenia o sobie: moja mi\u0142o\u015b\u0107, troska i&nbsp;odpowiedzialno\u015b\u0107 pomog\u0142y mojemu dziecku pozna\u0107 i&nbsp;zrozumie\u0107 mi\u0142o\u015b\u0107 Boga. Nie ma wi\u0119kszej nagrody ni\u017c \u015bwiadomo\u015b\u0107, \u017ce wiar\u0105 i&nbsp;modlitw\u0105 oraz codziennym przyk\u0142adem \u017cycia, pomog\u0142o si\u0119 dziecku tworzy\u0107 prawdziwy obraz Boga.\n<\/p>\n<p style=\"text-align: justify;\">\n\tNiestety wielu ojc&oacute;w nie wype\u0142nia w\u0142a\u015bciwie swojej misji: nie zachowuj\u0105 umiaru, ulegaj\u0105 towarzyskiemu przymusowi picia. Nic nie usprawiedliwia spo\u0142ecznej tolerancji dla&nbsp;upijania si\u0119, naszego \u0142askawego przyzwolenia na to kompromituj\u0105ce zachowanie. Zw\u0142aszcza je\u015bli dotyczy to ojc&oacute;w, opiekun&oacute;w, wychowawc&oacute;w, duszpasterzy i&nbsp;innych os&oacute;b obdarzonych spo\u0142ecznym autorytetem. Co jest dumnego w chwiej\u0105cym si\u0119 po alkoholu Polaku, zw\u0142aszcza je\u015bli jest to ojciec rodziny? Czy jego dzieci mog\u0105 by\u0107 z&nbsp;niego dumne, czy&nbsp;czuj\u0105 si\u0119 przez niego ochraniane? Czy czuj\u0105 si\u0119 przez niego kochane? Swoim uwik\u0142aniem w alkohol ojcowie wytyczaj\u0105 dzieciom \u015bcie\u017ck\u0119 do na\u0142og&oacute;w i innych ryzykownych zachowa\u0144. Eksperci ostrzegaj\u0105: je\u017celi dziecko ma uzale\u017cnionego rodzica, to&nbsp;prawdopodobie\u0144stwo jego uzale\u017cnienia jest czterokrotnie wy\u017csze, ni\u017c r&oacute;wie\u015bnik&oacute;w.\n<\/p>\n<p style=\"text-align: justify;\">\n\tDzisiaj potrzeba nam ojc&oacute;w, kt&oacute;rzy stan\u0105 w pierwszym szeregu troski o trze\u017awo\u015b\u0107. Kt&oacute;rzy b\u0119d\u0105 liderami pozytywnych zmian obyczajowych. Potrzeba ojc&oacute;w odwa\u017cnych i&nbsp;\u015bwiadomych, kochaj\u0105cych i troszcz\u0105cych si\u0119 o swoich najbli\u017cszych oraz dbaj\u0105cych o dobro spo\u0142ecze\u0144stwa.\n<\/p>\n<p style=\"text-align: justify;\">\n\t<strong>Patriotyczny i spo\u0142eczny wymiar troski o trze\u017awo\u015b\u0107 narodu<\/strong>\n<\/p>\n<p style=\"text-align: justify;\">\n\tW antycznym Rzymie osoby wa\u017cne i zas\u0142u\u017cone dla \u017cycia spo\u0142ecznego okre\u015blano mianem &bdquo;ojc&oacute;w ojczyzny&rdquo;. Chcemy ten zaszczytny i zobowi\u0105zuj\u0105cy tytu\u0142 przypomnie\u0107 wszystkim, kt&oacute;rzy odpowiadaj\u0105 za dobro wsp&oacute;lne. Aktualna sytuacja wymaga od rz\u0105dz\u0105cych odpowiedzialno\u015bci, odwagi i zdecydowanego dzia\u0142ania.\n<\/p>\n<p style=\"text-align: justify;\">\n\tRodzina, kt&oacute;rej misj\u0105 jest wychowywanie m\u0142odego pokolenia do trze\u017awo\u015bci, musi by\u0107 otoczona opiek\u0105 i wsparciem w\u0142adz centralnych i samorz\u0105dowych. Trzeba tworzy\u0107 warunki prawne i spo\u0142eczne sprzyjaj\u0105ce ochronie trze\u017awo\u015bci, sprzyjaj\u0105ce rozwojowi zdrowej rodziny i&nbsp;nowoczesnego spo\u0142ecze\u0144stwa, w oparciu o wskazania wsp&oacute;\u0142czesnych bada\u0144 naukowych. Konieczny jest wi\u0119c zakaz reklamy i promocji alkoholu. Nie mo\u017cna w tej sprawie ulega\u0107 lobbystom twierdz\u0105cym, \u017ce strac\u0105 na tym cenne inicjatywy sponsorowane przez producent&oacute;w alkoholu. Nowoczesne spo\u0142ecze\u0144stwo powinno by\u0107 zdolne do ograniczenia fizycznej dost\u0119pno\u015bci alkoholu, czyli zmniejszenia liczby miejsc i czasu jego sprzeda\u017cy. Nale\u017cy r&oacute;wnie\u017c ograniczy\u0107 ekonomiczn\u0105 dost\u0119pno\u015b\u0107 alkoholu. Z opracowa\u0144 specjalist&oacute;w wynika, \u017ce&nbsp;spo\u0142eczne i ekonomiczne koszty nadu\u017cywania alkoholu i uzale\u017cnienia od niego kilkakrotnie przewy\u017cszaj\u0105 dochody pa\u0144stwa z tytu\u0142u podatk&oacute;w z jego sprzeda\u017cy. Naukowcy twierdz\u0105, \u017ce koszty te si\u0119gaj\u0105 nawet do 3 procent PKB. W&nbsp;Polsce by\u0142oby to wi\u0119c oko\u0142o 45 miliard&oacute;w z\u0142otych rocznie. Ka\u017cdy z nas p\u0142aci za skutki nadmiernego spo\u017cycia alkoholu.\n<\/p>\n<p style=\"text-align: justify;\">\n\tPotrzeba nam dzisiaj odwagi i szczero\u015bci w walce o trze\u017awo\u015b\u0107. Hipokryzj\u0105 w\u0142adz i&nbsp;s\u0142u\u017cb publicznych jest komentowanie kolejnych tragedii spowodowanych przez pijane osoby, gdy&nbsp;jednocze\u015bnie robi si\u0119 tak niewiele, aby powstrzyma\u0107 fal\u0119 negatywnych zjawisk. Hipokryzj\u0105 dziennikarzy jest podawanie zatrwo\u017conym g\u0142osem informacji o&nbsp; tysi\u0105cach pijanych kierowc&oacute;w, je\u017celi to w\u0142a\u015bnie w mediach alkohol ukazywany jest jako podstawa dobrej zabawy, nieod\u0142\u0105czny element prze\u017cywania emocji sportowych, czy&nbsp;wypoczynku po pracy. Hipokryzj\u0105 profesor&oacute;w s\u0105 artyku\u0142y pot\u0119piaj\u0105ce upadek etosu i&nbsp;poziomu student&oacute;w, podczas gdy kampusy uczelni i akademiki zamieniaj\u0105 si\u0119 w miejsca handlu alkoholem przy niemej tolerancji, a czasami jawnej akceptacji w\u0142adz.\n<\/p>\n<p style=\"text-align: justify;\">\n\tApelujemy tak\u017ce do przedstawicieli medi&oacute;w, aby z r&oacute;wn\u0105 gorliwo\u015bci\u0105, jak nag\u0142a\u015bniaj\u0105 przypadki pojedynczych dramat&oacute;w zwi\u0105zanych z alkoholem, promowali liczne dzie\u0142a wspania\u0142ych ludzi po\u015bwi\u0119caj\u0105cych si\u0119 bezgranicznie ochronie trze\u017awo\u015bci, ludzi pomagaj\u0105cych odzyska\u0107 lub umocni\u0107 trze\u017awo\u015b\u0107 tysi\u0119cy os&oacute;b w ca\u0142ej Polsce.\n<\/p>\n<p style=\"text-align: justify;\">\n\tNie mo\u017cemy te\u017c pomin\u0105\u0107 roli kap\u0142an&oacute;w, kt&oacute;rzy s\u0105 duchowymi ojcami dla wiernych. Bez&nbsp;kap\u0142an&oacute;w abstynent&oacute;w nie b\u0119dzie trze\u017awej Polski. Kap\u0142ani, ze wzgl\u0119du na swoje powo\u0142anie, maj\u0105 by\u0107 liderami troski o trze\u017awo\u015b\u0107. Powinni \u0142\u0105czy\u0107 osobiste \u015bwiadectwo z&nbsp;m\u0105drym zaanga\u017cowaniem spo\u0142ecznym, z trosk\u0105 o rozw&oacute;j ruch&oacute;w trze\u017awo\u015bciowych i&nbsp;abstynenckich w\u015br&oacute;d doros\u0142ych, a szczeg&oacute;lnie w\u015br&oacute;d dzieci i m\u0142odzie\u017cy. Maj\u0105 tak\u017ce czuwa\u0107, aby uroczysto\u015bci ko\u015bcielne by\u0142y prze\u017cywane bez alkoholu. W spos&oacute;b szczeg&oacute;lny powinni zach\u0119ca\u0107 nowo\u017ce\u0144c&oacute;w do organizowania wesel bezalkoholowych.\n<\/p>\n<p style=\"text-align: justify;\">\n\t<strong>Aby Polska by\u0142a trze\u017awa!<\/strong>\n<\/p>\n<p style=\"text-align: justify;\">\n\tAbstynencja jest darem mi\u0142o\u015bci, kt&oacute;ry wymaga odwagi p&oacute;j\u015bcia pod pr\u0105d, skonfrontowania si\u0119 z negatywnymi opiniami i powszechnymi praktykami. To dlatego jest darem tak cennym i pi\u0119knym.&nbsp; Jest spe\u0142nieniem pro\u015bby b\u0142. Jana Paw\u0142a II wo\u0142aj\u0105cego o now\u0105 &bdquo;wyobra\u017ani\u0119 mi\u0142osierdzia&rdquo;, kt&oacute;ra chroni nie tylko cia\u0142o i psychik\u0119 cz\u0142owieka, ale zw\u0142aszcza \u017cycie duchowe. Podj\u0119cie abstynencji jest r&oacute;wnie\u017c spe\u0142nianiem jednego z wa\u017cnych przyrzecze\u0144, zawartych w Jasnog&oacute;rskich \u015alubach Narodu. Dzi\u0119kujemy wszystkim, kt&oacute;rzy mimo trudno\u015bci potrafi\u0105 z\u0142o\u017cy\u0107 dar abstynencji. Dzi\u0119kujemy za wasz\u0105 odwag\u0119 i po\u015bwi\u0119cenie, za wytrwa\u0142o\u015b\u0107 i&nbsp;odpowiedzialno\u015b\u0107. Prosimy wszystkich, aby w\u0142\u0105czali si\u0119 w lokalne i&nbsp;og&oacute;lnopolskie inicjatywy na rzecz trze\u017awo\u015bci. To jedna z najwa\u017cniejszych spraw dla&nbsp;przysz\u0142o\u015bci Ko\u015bcio\u0142a i naszego narodu. T\u0119 wielk\u0105 intencj\u0119&nbsp; polecamy pielgrzymom, kt&oacute;rzy ju\u017c zmierzaj\u0105, b\u0105d\u017a wkr&oacute;tce wyrusz\u0105 do Sanktuarium Jasnog&oacute;rskiego. Z\u0142&oacute;\u017cmy u st&oacute;p naszej Matki i Kr&oacute;lowej&nbsp; wo\u0142anie zw\u0142aszcza o&nbsp; to, aby ojcowie byli prawdziwymi \u015bwiadkami wiary i&nbsp;obro\u0144cami trze\u017awo\u015bci.\n<\/p>\n<p style=\"text-align: justify;\">\n\t&nbsp;\n<\/p>\n<p style=\"text-align: justify;\">\n\t\u0141om\u017ca, dnia 24 czerwca 2013 r.\n<\/p>\n<p style=\"text-align: justify;\">\n\tBp Tadeusz Bronakowski\n<\/p>\n<p style=\"text-align: justify;\">\n\t<em>Przewodnicz\u0105cy Zespo\u0142u Konferencji Episkopatu Polski ds. Apostolstwa Trze\u017awo\u015bci<\/em>\n<\/p>\n<p style=\"text-align: justify;\">\n\t&nbsp;<\/p>\n","protected":false},"excerpt":{"rendered":"<p>Apel Zespo\u0142u Konferencji Episkopatu Polski ds. Apostolstwa Trze\u017awo\u015bci na sierpie\u0144 &ndash; miesi\u0105c abstynencji<span class=\"more-link\"><a href=\"https:\/\/parafiabesko.pl\/?p=1071\">Czytaj wi\u0119cej<\/a><\/span><\/p>\n","protected":false},"author":1,"featured_media":668,"comment_status":"closed","ping_status":"open","sticky":false,"template":"","format":"standard","meta":{"footnotes":""},"categories":[6],"tags":[],"class_list":["entry","author-adminparafiibesko","has-more-link","post-1071","post","type-post","status-publish","format-standard","has-post-thumbnail","category-uncategorized"],"_links":{"self":[{"href":"https:\/\/parafiabesko.pl\/index.php?rest_route=\/wp\/v2\/posts\/1071","targetHints":{"allow":["GET"]}}],"collection":[{"href":"https:\/\/parafiabesko.pl\/index.php?rest_route=\/wp\/v2\/posts"}],"about":[{"href":"https:\/\/parafiabesko.pl\/index.php?rest_route=\/wp\/v2\/types\/post"}],"author":[{"embeddable":true,"href":"https:\/\/parafiabesko.pl\/index.php?rest_route=\/wp\/v2\/users\/1"}],"replies":[{"embeddable":true,"href":"https:\/\/parafiabesko.pl\/index.php?rest_route=%2Fwp%2Fv2%2Fcomments&post=1071"}],"version-history":[{"count":0,"href":"https:\/\/parafiabesko.pl\/index.php?rest_route=\/wp\/v2\/posts\/1071\/revisions"}],"wp:featuredmedia":[{"embeddable":true,"href":"https:\/\/parafiabesko.pl\/index.php?rest_route=\/"}],"wp:attachment":[{"href":"https:\/\/parafiabesko.pl\/index.php?rest_route=%2Fwp%2Fv2%2Fmedia&parent=1071"}],"wp:term":[{"taxonomy":"category","embeddable":true,"href":"https:\/\/parafiabesko.pl\/index.php?rest_route=%2Fwp%2Fv2%2Fcategories&post=1071"},{"taxonomy":"post_tag","embeddable":true,"href":"https:\/\/parafiabesko.pl\/index.php?rest_route=%2Fwp%2Fv2%2Ftags&post=1071"}],"curies":[{"name":"wp","href":"https:\/\/api.w.org\/{rel}","templated":true}]}}