{"id":10704,"date":"2024-08-18T15:51:48","date_gmt":"2024-08-18T15:51:48","guid":{"rendered":"https:\/\/parafiabesko.pl\/?p=10704"},"modified":"2024-08-18T15:51:48","modified_gmt":"2024-08-18T15:51:48","slug":"ogloszenia-parafialne-20-niedziela-zwykla-18-08-2024r","status":"publish","type":"post","link":"https:\/\/parafiabesko.pl\/?p=10704","title":{"rendered":"Og\u0142oszenia parafialne 20 Niedziela zwyk\u0142a 18.08.2024r."},"content":{"rendered":"<h3>W poniedzia\u0142ek o godz. 18.00 modlitwa przy relikwiach \u015bw. Jana Paw\u0142a II.<\/h3>\n<h3>We wtorek o godz. 18.00 nabo\u017ce\u0144stwo do Bo\u017cego Mi\u0142osierdzia.<\/h3>\n<h3>We \u015brod\u0119 o godz. 18.00 Nowenna do MB Nieustaj\u0105cej Pomocy.<\/h3>\n<h3>Dzi\u0119kujemy naszym stra\u017cakom za wyczyszczenie wod\u0105 betonowych obrze\u017cy przy parafialnym parkingu, a Andrzejowi Romanowi i J\u00f3zefowi Winiarskiemu za pomalowanie bia\u0142\u0105 farb\u0105 betonowych obrze\u017cy. B\u00f3g zap\u0142a\u0107!<\/h3>\n<h3>Parafia Besko wed\u0142ug zalece\u0144 przyj\u0119\u0142a i wdro\u017cy\u0142a standardy ochrony, do kt\u00f3rych obliguje tzw. \u201eUstawa Kamilka\u201d.<\/h3>\n<h3>Dzi\u0119kujemy Parafianom za wykonanie wystawy zdj\u0119\u0107 z minionych 30 lat naszej Parafii. Zdj\u0119cia przypominaj\u0105 wydarzenia religijne i prace materialne przy naszych \u015bwi\u0105tyniach \u2013 jeszcze raz jest okazja, aby podzi\u0119kowa\u0107 Parafianom za z\u0142o\u017cone ofiary i prac\u0119 przy naszych \u015bwi\u0105tyniach. B\u00f3g zap\u0142a\u0107!<\/h3>\n","protected":false},"excerpt":{"rendered":"<p>W poniedzia\u0142ek o godz. 18.00 modlitwa przy relikwiach \u015bw. Jana Paw\u0142a II. We wtorek o godz. 18.00 nabo\u017ce\u0144stwo do Bo\u017cego Mi\u0142osierdzia. We \u015brod\u0119 o godz. 18.00 Nowenna do MB Nieustaj\u0105cej Pomocy. Dzi\u0119kujemy naszym stra\u017cakom za wyczyszczenie wod\u0105 betonowych obrze\u017cy przy parafialnym parkingu, a Andrzejowi Romanowi i J\u00f3zefowi Winiarskiemu za pomalowanie<span class=\"more-link\"><a href=\"https:\/\/parafiabesko.pl\/?p=10704\">Czytaj wi\u0119cej<\/a><\/span><\/p>\n","protected":false},"author":1,"featured_media":0,"comment_status":"closed","ping_status":"open","sticky":false,"template":"","format":"standard","meta":{"footnotes":""},"categories":[7],"tags":[],"class_list":["entry","author-adminparafiibesko","post-10704","post","type-post","status-publish","format-standard","category-ogloszenia-parafialne"],"_links":{"self":[{"href":"https:\/\/parafiabesko.pl\/index.php?rest_route=\/wp\/v2\/posts\/10704","targetHints":{"allow":["GET"]}}],"collection":[{"href":"https:\/\/parafiabesko.pl\/index.php?rest_route=\/wp\/v2\/posts"}],"about":[{"href":"https:\/\/parafiabesko.pl\/index.php?rest_route=\/wp\/v2\/types\/post"}],"author":[{"embeddable":true,"href":"https:\/\/parafiabesko.pl\/index.php?rest_route=\/wp\/v2\/users\/1"}],"replies":[{"embeddable":true,"href":"https:\/\/parafiabesko.pl\/index.php?rest_route=%2Fwp%2Fv2%2Fcomments&post=10704"}],"version-history":[{"count":0,"href":"https:\/\/parafiabesko.pl\/index.php?rest_route=\/wp\/v2\/posts\/10704\/revisions"}],"wp:attachment":[{"href":"https:\/\/parafiabesko.pl\/index.php?rest_route=%2Fwp%2Fv2%2Fmedia&parent=10704"}],"wp:term":[{"taxonomy":"category","embeddable":true,"href":"https:\/\/parafiabesko.pl\/index.php?rest_route=%2Fwp%2Fv2%2Fcategories&post=10704"},{"taxonomy":"post_tag","embeddable":true,"href":"https:\/\/parafiabesko.pl\/index.php?rest_route=%2Fwp%2Fv2%2Ftags&post=10704"}],"curies":[{"name":"wp","href":"https:\/\/api.w.org\/{rel}","templated":true}]}}