{"id":10699,"date":"2024-08-10T16:47:57","date_gmt":"2024-08-10T16:47:57","guid":{"rendered":"https:\/\/parafiabesko.pl\/?p=10699"},"modified":"2024-08-10T16:47:57","modified_gmt":"2024-08-10T16:47:57","slug":"ogloszenia-parafialne-19-niedziela-zwykla-11-08-2024r","status":"publish","type":"post","link":"https:\/\/parafiabesko.pl\/?p=10699","title":{"rendered":"Og\u0142oszenia parafialne 19 Niedziela zwyk\u0142a 11.08.2024r."},"content":{"rendered":"<h3>Trwa miesi\u0105c sierpie\u0144 czas narodowych zwyci\u0119stw pod sztandarem Maryi, a tak\u017ce miesi\u0105c modlitwy o trze\u017awo\u015b\u0107 w naszym narodzie.<\/h3>\n<h3>W poniedzia\u0142ek godz. 18.00 modlitwa przy relikwiach \u015bw. Jana Paw\u0142a II.<\/h3>\n<h3>We wtorek o godz. 18.0 nabo\u017ce\u0144stwo do Bo\u017cego Mi\u0142osierdzia.<\/h3>\n<h3>W we \u015brod\u0119 wspomnienie \u015bw. Maksymiliana Marii Kolbego \u2013 odpust w Milczy. Suma o godz. 10.30. O godz. 18.00 Nowenna do Matki Bo\u017cej Nieustaj\u0105cej Pomocy.<\/h3>\n<h3>We czwartek 15 sierpnia czci\u0107 b\u0119dziemy NMP w tytule <strong>Wniebowzi\u0119cia,<\/strong> a w tradycji ludowej zwana jest <strong>Matka Bo\u017ca Zielna<\/strong>.<\/h3>\n<h3><u>Porz\u0105dek Mszy \u015bw. w t\u0105 Uroczysto\u015b\u0107 w naszej Parafii:<\/u><\/h3>\n<h3>&#8211; <strong>Besko<\/strong>; &#8211; rano: godz. 7.30<\/h3>\n<h3>\u00a0\u00a0\u00a0\u00a0\u00a0\u00a0\u00a0\u00a0\u00a0\u00a0\u00a0\u00a0\u00a0\u00a0\u00a0 &#8211;\u00a0 suma o godz. 10.00 z b\u0142ogos\u0142awie\u0144stwem zi\u00f3\u0142 i kwiat\u00f3w<\/h3>\n<h3>\u00a0\u00a0\u00a0\u00a0\u00a0\u00a0\u00a0\u00a0\u00a0\u00a0\u00a0\u00a0\u00a0\u00a0\u00a0 &#8211;\u00a0 po po\u0142udniu o godz.16.00 &#8211; bez Nieszpor\u00f3w<\/h3>\n<h3>\u00a0&#8211; <strong>Mymo\u0144<\/strong>; \u00a0\u00a08.30\u00a0 z b\u0142ogos\u0142awie\u0144stwem zi\u00f3\u0142 i kwiat\u00f3w<\/h3>\n<h3>\u00a0&#8211; <strong>Por\u0119by<\/strong>;\u00a0 10.00\u00a0 z b\u0142ogos\u0142awie\u0144stwem zi\u00f3\u0142 i kwiat\u00f3w<\/h3>\n<h3>We czwartek 15.08. tradycyjnie o godz. 6.00 z naszego ko\u015bcio\u0142a wyruszy <strong>piesza pielgrzymka do Sanktuarium Matki Bo\u017cej w Starej Wsi<\/strong>. Pielgrzymk\u0119 poprowadzi ksi\u0105dz Pawe\u0142, serdecznie zach\u0119camy do udzia\u0142u w pieszej pielgrzymce. Jednocze\u015bnie tradycyjnie przypominamy o mo\u017cliwo\u015bci pielgrzymowania do Starej Wsi autokarem wyjazd o godz. 6.10 z parkingu przy ko\u015bciele \u2013 informacje u p. W\u0142adys\u0142awa Szyndlera.<\/h3>\n","protected":false},"excerpt":{"rendered":"<p>Trwa miesi\u0105c sierpie\u0144 czas narodowych zwyci\u0119stw pod sztandarem Maryi, a tak\u017ce miesi\u0105c modlitwy o trze\u017awo\u015b\u0107 w naszym narodzie. W poniedzia\u0142ek godz. 18.00 modlitwa przy relikwiach \u015bw. Jana Paw\u0142a II. We wtorek o godz. 18.0 nabo\u017ce\u0144stwo do Bo\u017cego Mi\u0142osierdzia. W we \u015brod\u0119 wspomnienie \u015bw. Maksymiliana Marii Kolbego \u2013 odpust w Milczy.<span class=\"more-link\"><a href=\"https:\/\/parafiabesko.pl\/?p=10699\">Czytaj wi\u0119cej<\/a><\/span><\/p>\n","protected":false},"author":1,"featured_media":0,"comment_status":"closed","ping_status":"open","sticky":false,"template":"","format":"standard","meta":{"footnotes":""},"categories":[7],"tags":[],"class_list":["entry","author-adminparafiibesko","post-10699","post","type-post","status-publish","format-standard","category-ogloszenia-parafialne"],"_links":{"self":[{"href":"https:\/\/parafiabesko.pl\/index.php?rest_route=\/wp\/v2\/posts\/10699","targetHints":{"allow":["GET"]}}],"collection":[{"href":"https:\/\/parafiabesko.pl\/index.php?rest_route=\/wp\/v2\/posts"}],"about":[{"href":"https:\/\/parafiabesko.pl\/index.php?rest_route=\/wp\/v2\/types\/post"}],"author":[{"embeddable":true,"href":"https:\/\/parafiabesko.pl\/index.php?rest_route=\/wp\/v2\/users\/1"}],"replies":[{"embeddable":true,"href":"https:\/\/parafiabesko.pl\/index.php?rest_route=%2Fwp%2Fv2%2Fcomments&post=10699"}],"version-history":[{"count":0,"href":"https:\/\/parafiabesko.pl\/index.php?rest_route=\/wp\/v2\/posts\/10699\/revisions"}],"wp:attachment":[{"href":"https:\/\/parafiabesko.pl\/index.php?rest_route=%2Fwp%2Fv2%2Fmedia&parent=10699"}],"wp:term":[{"taxonomy":"category","embeddable":true,"href":"https:\/\/parafiabesko.pl\/index.php?rest_route=%2Fwp%2Fv2%2Fcategories&post=10699"},{"taxonomy":"post_tag","embeddable":true,"href":"https:\/\/parafiabesko.pl\/index.php?rest_route=%2Fwp%2Fv2%2Ftags&post=10699"}],"curies":[{"name":"wp","href":"https:\/\/api.w.org\/{rel}","templated":true}]}}