{"id":10697,"date":"2024-08-10T16:45:26","date_gmt":"2024-08-10T16:45:26","guid":{"rendered":"https:\/\/parafiabesko.pl\/?p=10697"},"modified":"2024-08-10T16:45:26","modified_gmt":"2024-08-10T16:45:26","slug":"intencje-mszalne-12-18-08-2024r","status":"publish","type":"post","link":"https:\/\/parafiabesko.pl\/?p=10697","title":{"rendered":"Intencje mszalne 12-18.08.2024r."},"content":{"rendered":"<table>\n<tbody>\n<tr>\n<td rowspan=\"2\" width=\"166\"><strong>Poniedzia\u0142ek<\/strong><\/p>\n<p><strong>12.08.2024r.<\/strong><\/p>\n<p>&nbsp;<\/td>\n<td width=\"71\"><strong>7.00<\/strong><\/td>\n<td width=\"457\">+Za dusze w czyjscu cierpi\u0105ce<\/td>\n<\/tr>\n<tr>\n<td width=\"71\"><strong>18.00<\/strong><\/td>\n<td width=\"457\">+Piotr \/16 r. \u015bm.\/, Pawe\u0142 Winiarscy<\/td>\n<\/tr>\n<tr>\n<td rowspan=\"2\" width=\"166\"><strong>Wtorek<\/strong><\/p>\n<p><strong>13.08.2024r.<\/strong><\/p>\n<p>&nbsp;<\/td>\n<td width=\"71\"><strong>7.00<\/strong><\/td>\n<td width=\"457\">+J\u00f3zef Suwa\u0142a of. prawnuk z rodzin\u0105<\/td>\n<\/tr>\n<tr>\n<td width=\"71\"><strong>18.00<\/strong><\/td>\n<td width=\"457\">+Stanis\u0142aw \/79 r. \u015bm.\/, Maria Gierliccy oraz ich zm. rodzice i dzieci<\/td>\n<\/tr>\n<tr>\n<td rowspan=\"2\" width=\"166\"><strong>\u015aroda<\/strong><\/p>\n<p><strong>14.08.2024r.<\/strong><\/p>\n<p><strong>\u00a0<\/strong><\/td>\n<td width=\"71\"><strong>7.00<\/strong><\/td>\n<td width=\"457\">+Maria Ziemia\u0144ska<\/td>\n<\/tr>\n<tr>\n<td width=\"71\"><strong>18.00<\/strong><\/td>\n<td width=\"457\">+Stanis\u0142aw\u0119, W\u0142adys\u0142aw, J\u00f3zef, Boles\u0142aw Sza\u0142ankiewicz<\/td>\n<\/tr>\n<tr>\n<td rowspan=\"3\" width=\"166\"><strong>Czwartek<\/strong><\/p>\n<p><strong>MB Zielnej<\/strong><\/p>\n<p><strong>15.08.2024r.<\/strong><\/p>\n<p>&nbsp;<\/td>\n<td width=\"71\"><strong>7.30<\/strong><\/td>\n<td width=\"457\">+Stefani\u0119, W\u0142adys\u0142aw Rodzinka<\/td>\n<\/tr>\n<tr>\n<td width=\"71\"><strong>10.00<\/strong><\/td>\n<td width=\"457\"><strong>Za Parafian<\/strong><\/td>\n<\/tr>\n<tr>\n<td width=\"71\"><strong>16.00<\/strong><\/td>\n<td width=\"457\">+Stanis\u0142aw\u0119, J\u00f3zef Marsza\u0142ek<\/td>\n<\/tr>\n<tr>\n<td rowspan=\"2\" width=\"166\"><strong>Pi\u0105tek<\/strong><\/p>\n<p><strong>16.08.2024r.<\/strong><\/p>\n<p>&nbsp;<\/td>\n<td width=\"71\"><strong>7.00<\/strong><\/td>\n<td width=\"457\">+Zofia J\u00f3zefczyk \/25 r. \u015bm.\/<\/td>\n<\/tr>\n<tr>\n<td width=\"71\"><strong>18.00<\/strong><\/td>\n<td width=\"457\">+Czes\u0142aw\u0119, J\u00f3zef Pojnar i zm. z rodziny<\/td>\n<\/tr>\n<tr>\n<td rowspan=\"2\" width=\"166\"><strong>Sobota<\/strong><\/p>\n<p><strong>17.08.2024r.<\/strong><\/p>\n<p>&nbsp;<\/td>\n<td width=\"71\"><strong>7.00<\/strong><\/td>\n<td width=\"457\">+Czes\u0142aw Mermer \/31 r. \u015bm.\/<\/td>\n<\/tr>\n<tr>\n<td width=\"71\"><strong>18.00<\/strong><\/td>\n<td width=\"457\">+Maria Czech of. c\u00f3rka z rodzin\u0105<\/td>\n<\/tr>\n<tr>\n<td rowspan=\"4\" width=\"166\"><strong>Niedziela<\/strong><\/p>\n<p><strong>18.08.2024r.<\/strong><\/p>\n<p>&nbsp;<\/td>\n<td width=\"71\"><strong>7.30<\/strong><\/td>\n<td width=\"457\">+J\u00f3zefa, Domicel\u0119, Tadeusz, Stanis\u0142aw\u0119<\/td>\n<\/tr>\n<tr>\n<td width=\"71\"><strong>9.15<\/strong><\/td>\n<td width=\"457\">-Dzi\u0119kczynna w 80 r. urodzin Anny of. dzieci z rodzinami<\/td>\n<\/tr>\n<tr>\n<td width=\"71\"><strong>11.00<\/strong><\/td>\n<td width=\"457\"><strong>Za Parafian<\/strong><\/td>\n<\/tr>\n<tr>\n<td width=\"71\"><strong>16.30<\/strong><\/td>\n<td width=\"457\">+Edward, \u0141ukasz, Stanis\u0142aw Chyna\u0142<\/td>\n<\/tr>\n<\/tbody>\n<\/table>\n","protected":false},"excerpt":{"rendered":"<p>Poniedzia\u0142ek 12.08.2024r. &nbsp; 7.00 +Za dusze w czyjscu cierpi\u0105ce 18.00 +Piotr \/16 r. \u015bm.\/, Pawe\u0142 Winiarscy Wtorek 13.08.2024r. &nbsp; 7.00 +J\u00f3zef Suwa\u0142a of. prawnuk z rodzin\u0105 18.00 +Stanis\u0142aw \/79 r. \u015bm.\/, Maria Gierliccy oraz ich zm. rodzice i dzieci \u015aroda 14.08.2024r. \u00a0 7.00 +Maria Ziemia\u0144ska 18.00 +Stanis\u0142aw\u0119, W\u0142adys\u0142aw, J\u00f3zef, Boles\u0142aw<span class=\"more-link\"><a href=\"https:\/\/parafiabesko.pl\/?p=10697\">Czytaj wi\u0119cej<\/a><\/span><\/p>\n","protected":false},"author":1,"featured_media":0,"comment_status":"closed","ping_status":"open","sticky":false,"template":"","format":"standard","meta":{"footnotes":""},"categories":[4],"tags":[],"class_list":["entry","author-adminparafiibesko","post-10697","post","type-post","status-publish","format-standard","category-intencje-mszalne"],"_links":{"self":[{"href":"https:\/\/parafiabesko.pl\/index.php?rest_route=\/wp\/v2\/posts\/10697","targetHints":{"allow":["GET"]}}],"collection":[{"href":"https:\/\/parafiabesko.pl\/index.php?rest_route=\/wp\/v2\/posts"}],"about":[{"href":"https:\/\/parafiabesko.pl\/index.php?rest_route=\/wp\/v2\/types\/post"}],"author":[{"embeddable":true,"href":"https:\/\/parafiabesko.pl\/index.php?rest_route=\/wp\/v2\/users\/1"}],"replies":[{"embeddable":true,"href":"https:\/\/parafiabesko.pl\/index.php?rest_route=%2Fwp%2Fv2%2Fcomments&post=10697"}],"version-history":[{"count":0,"href":"https:\/\/parafiabesko.pl\/index.php?rest_route=\/wp\/v2\/posts\/10697\/revisions"}],"wp:attachment":[{"href":"https:\/\/parafiabesko.pl\/index.php?rest_route=%2Fwp%2Fv2%2Fmedia&parent=10697"}],"wp:term":[{"taxonomy":"category","embeddable":true,"href":"https:\/\/parafiabesko.pl\/index.php?rest_route=%2Fwp%2Fv2%2Fcategories&post=10697"},{"taxonomy":"post_tag","embeddable":true,"href":"https:\/\/parafiabesko.pl\/index.php?rest_route=%2Fwp%2Fv2%2Ftags&post=10697"}],"curies":[{"name":"wp","href":"https:\/\/api.w.org\/{rel}","templated":true}]}}