{"id":10695,"date":"2024-08-04T12:44:14","date_gmt":"2024-08-04T12:44:14","guid":{"rendered":"https:\/\/parafiabesko.pl\/?p=10695"},"modified":"2024-08-04T12:44:14","modified_gmt":"2024-08-04T12:44:14","slug":"ogloszenia-parafialne-18-niedziela-zwykla-4-08-2024r","status":"publish","type":"post","link":"https:\/\/parafiabesko.pl\/?p=10695","title":{"rendered":"Og\u0142oszenia parafialne 18 Niedziela zwyk\u0142a 4.08.2024r"},"content":{"rendered":"<h3>Dzisiaj w naszej Parafii <strong>Niedziela Adoracyjna<\/strong> od godz. 12.00 do 16.00 prywatna adoracja rodzin o godz. 16.00 nabo\u017ce\u0144stwo r\u00f3\u017ca\u0144cowe i zmiana tajemnic adoruje r\u00f3\u017ca Matki Bo\u017cej R\u00f3\u017ca\u0144cowej prze\u0142o\u017cona Beata Hedesz.<\/h3>\n<h3>Taca z dzisiejszej niedzieli przeznaczona na potrzeby Archidiecezji.<\/h3>\n<h3>Trwa miesi\u0105c sierpie\u0144 &#8211; czas narodowych zwyci\u0119stw pod sztandarem Maryi, a tak\u017ce miesi\u0105c modlitwy o trze\u017awo\u015b\u0107 w naszym narodzie.<\/h3>\n<h3>W poniedzia\u0142ek o godz. 18.00 modlitwa przy relikwiach \u015bw. Jana Paw\u0142a II.<\/h3>\n<h3>We wtorek \u015bwi\u0119to Przemienienia Pa\u0144skiego godz. 18.00 Nabo\u017ce\u0144stwo do Mi\u0142osierdzia Bo\u017cego<\/h3>\n<h3>We \u015brod\u0119 o godz. 18.00 Nowenna do Matki Bo\u017cej Nieustaj\u0105cej Pomocy.<\/h3>\n<h3>W pi\u0105tek \u015bwi\u0119to \u015bw. Teresy Benedykty od Krzy\u017ca dziewicy i m\u0119czennicy, patronki Europy.<\/h3>\n<h3>Serdecznie dzi\u0119kujemy panu J\u00f3zefowi Jasiewiczowi za wykonanie prac remontowych przy zewn\u0119trznych schodach naszej \u015bwi\u0105tyni. B\u00f3g zap\u0142a\u0107!<\/h3>\n","protected":false},"excerpt":{"rendered":"<p>Dzisiaj w naszej Parafii Niedziela Adoracyjna od godz. 12.00 do 16.00 prywatna adoracja rodzin o godz. 16.00 nabo\u017ce\u0144stwo r\u00f3\u017ca\u0144cowe i zmiana tajemnic adoruje r\u00f3\u017ca Matki Bo\u017cej R\u00f3\u017ca\u0144cowej prze\u0142o\u017cona Beata Hedesz. Taca z dzisiejszej niedzieli przeznaczona na potrzeby Archidiecezji. Trwa miesi\u0105c sierpie\u0144 &#8211; czas narodowych zwyci\u0119stw pod sztandarem Maryi, a tak\u017ce<span class=\"more-link\"><a href=\"https:\/\/parafiabesko.pl\/?p=10695\">Czytaj wi\u0119cej<\/a><\/span><\/p>\n","protected":false},"author":1,"featured_media":0,"comment_status":"closed","ping_status":"open","sticky":false,"template":"","format":"standard","meta":{"footnotes":""},"categories":[7],"tags":[],"class_list":["entry","author-adminparafiibesko","post-10695","post","type-post","status-publish","format-standard","category-ogloszenia-parafialne"],"_links":{"self":[{"href":"https:\/\/parafiabesko.pl\/index.php?rest_route=\/wp\/v2\/posts\/10695","targetHints":{"allow":["GET"]}}],"collection":[{"href":"https:\/\/parafiabesko.pl\/index.php?rest_route=\/wp\/v2\/posts"}],"about":[{"href":"https:\/\/parafiabesko.pl\/index.php?rest_route=\/wp\/v2\/types\/post"}],"author":[{"embeddable":true,"href":"https:\/\/parafiabesko.pl\/index.php?rest_route=\/wp\/v2\/users\/1"}],"replies":[{"embeddable":true,"href":"https:\/\/parafiabesko.pl\/index.php?rest_route=%2Fwp%2Fv2%2Fcomments&post=10695"}],"version-history":[{"count":0,"href":"https:\/\/parafiabesko.pl\/index.php?rest_route=\/wp\/v2\/posts\/10695\/revisions"}],"wp:attachment":[{"href":"https:\/\/parafiabesko.pl\/index.php?rest_route=%2Fwp%2Fv2%2Fmedia&parent=10695"}],"wp:term":[{"taxonomy":"category","embeddable":true,"href":"https:\/\/parafiabesko.pl\/index.php?rest_route=%2Fwp%2Fv2%2Fcategories&post=10695"},{"taxonomy":"post_tag","embeddable":true,"href":"https:\/\/parafiabesko.pl\/index.php?rest_route=%2Fwp%2Fv2%2Ftags&post=10695"}],"curies":[{"name":"wp","href":"https:\/\/api.w.org\/{rel}","templated":true}]}}