{"id":10693,"date":"2024-08-04T12:41:18","date_gmt":"2024-08-04T12:41:18","guid":{"rendered":"https:\/\/parafiabesko.pl\/?p=10693"},"modified":"2024-08-04T12:41:18","modified_gmt":"2024-08-04T12:41:18","slug":"intencje-mszalne-5-11-08-2024r","status":"publish","type":"post","link":"https:\/\/parafiabesko.pl\/?p=10693","title":{"rendered":"Intencje mszalne 5-11.08.2024r."},"content":{"rendered":"<table>\n<tbody>\n<tr>\n<td rowspan=\"2\" width=\"166\"><strong>Poniedzia\u0142ek<\/strong><\/p>\n<p><strong>5.08.2024r.<\/strong><\/p>\n<p>&nbsp;<\/td>\n<td width=\"71\"><strong>7.00<\/strong><\/td>\n<td width=\"457\">+Czes\u0142aw\u0119 Mermer of. syn z rodzin\u0105<\/td>\n<\/tr>\n<tr>\n<td width=\"71\"><strong>18.00<\/strong><\/td>\n<td width=\"457\">+Stanis\u0142aw\u0119 Mermer i zm. z rodziny<\/td>\n<\/tr>\n<tr>\n<td rowspan=\"2\" width=\"166\"><strong>Wtorek<\/strong><\/p>\n<p><strong>6.08.2024r.<\/strong><\/p>\n<p>&nbsp;<\/td>\n<td width=\"71\"><strong>7.00<\/strong><\/td>\n<td width=\"457\">+Stefan Kirylejza \/10 r. \u015bm.\/ of. c\u00f3rka z rodzin\u0105<\/td>\n<\/tr>\n<tr>\n<td width=\"71\"><strong>18.00<\/strong><\/td>\n<td width=\"457\">+Krzysztof, Bronis\u0142aw\u0119 Krzto\u0144 of. synowie<\/td>\n<\/tr>\n<tr>\n<td rowspan=\"2\" width=\"166\"><strong>\u015aroda<\/strong><\/p>\n<p><strong>7.08.2024r.<\/strong><\/p>\n<p><strong>\u00a0<\/strong><\/td>\n<td width=\"71\"><strong>7.00<\/strong><\/td>\n<td width=\"457\">-Dzi\u0119kczynna w 20 r. \u015blubu Katarzyny i Konrada Kopeckich<\/td>\n<\/tr>\n<tr>\n<td width=\"71\"><strong>18.00<\/strong><\/td>\n<td width=\"457\">+Maria Mermer i zm. z rodziny<\/td>\n<\/tr>\n<tr>\n<td rowspan=\"2\" width=\"166\"><strong>Czwartek<\/strong><\/p>\n<p><strong>8.08.2024r.<\/strong><\/p>\n<p>&nbsp;<\/td>\n<td width=\"71\"><strong>7.00<\/strong><\/td>\n<td width=\"457\">+Piotr \/15 r. \u015bm.\/, Tadeusz \/12 r. \u015bm.\/ Kopeccy<\/td>\n<\/tr>\n<tr>\n<td width=\"71\"><strong>18.00<\/strong><\/td>\n<td width=\"457\">-Dzi\u0119kczynna w 15 r. \u015blubu Anety i Wojciecha<\/td>\n<\/tr>\n<tr>\n<td rowspan=\"2\" width=\"166\"><strong>Pi\u0105tek<\/strong><\/p>\n<p><strong>9.08.2024r.<\/strong><\/p>\n<p>&nbsp;<\/td>\n<td width=\"71\"><strong>7.00<\/strong><\/td>\n<td width=\"457\">+Mieczys\u0142aw\u0119 \u0106wi\u0105ka\u0142a of. Ryszard, Lidia Suwa\u0142a<\/td>\n<\/tr>\n<tr>\n<td width=\"71\"><strong>18.00<\/strong><\/td>\n<td width=\"457\">-Dzi\u0119kczynna w 25 r. \u015blubu Ma\u0142gorzaty i Leszka of. c\u00f3rki<\/td>\n<\/tr>\n<tr>\n<td rowspan=\"2\" width=\"166\"><strong>Sobota<\/strong><\/p>\n<p><strong>10.08.2024r.<\/strong><\/p>\n<p>&nbsp;<\/td>\n<td width=\"71\"><strong>7.00<\/strong><\/td>\n<td width=\"457\">-W 18 r. urodzin Amelii z pro\u015bb\u0105 o b\u0142og. Bo\u017ce i opiek\u0119 M. Bo\u017cej<\/td>\n<\/tr>\n<tr>\n<td width=\"71\"><strong>18.00<\/strong><\/td>\n<td width=\"457\">+Zofia Mularczyk \/27 r. \u015bm.\/<\/td>\n<\/tr>\n<tr>\n<td rowspan=\"4\" width=\"166\"><strong>Niedziela<\/strong><\/p>\n<p><strong>11.08.2024r.<\/strong><\/p>\n<p>&nbsp;<\/td>\n<td width=\"71\"><strong>7.30<\/strong><\/td>\n<td width=\"457\">+Maria, Stanis\u0142aw Mermer of. wnukowie<\/td>\n<\/tr>\n<tr>\n<td width=\"71\"><strong>9.15<\/strong><\/td>\n<td width=\"457\">+Ryszard Suwa\u0142a<\/td>\n<\/tr>\n<tr>\n<td width=\"71\"><strong>11.00<\/strong><\/td>\n<td width=\"457\"><strong>Za Parafian<\/strong><\/td>\n<\/tr>\n<tr>\n<td width=\"71\"><strong>16.30<\/strong><\/td>\n<td width=\"457\">-W 1 r. \u015blubu Patrycji i Karola z pro\u015bb\u0105 o b\u0142og. Bo\u017ce i opiek\u0119 M. Bo\u017cej<\/td>\n<\/tr>\n<\/tbody>\n<\/table>\n","protected":false},"excerpt":{"rendered":"<p>Poniedzia\u0142ek 5.08.2024r. &nbsp; 7.00 +Czes\u0142aw\u0119 Mermer of. syn z rodzin\u0105 18.00 +Stanis\u0142aw\u0119 Mermer i zm. z rodziny Wtorek 6.08.2024r. &nbsp; 7.00 +Stefan Kirylejza \/10 r. \u015bm.\/ of. c\u00f3rka z rodzin\u0105 18.00 +Krzysztof, Bronis\u0142aw\u0119 Krzto\u0144 of. synowie \u015aroda 7.08.2024r. \u00a0 7.00 -Dzi\u0119kczynna w 20 r. \u015blubu Katarzyny i Konrada Kopeckich 18.00<span class=\"more-link\"><a href=\"https:\/\/parafiabesko.pl\/?p=10693\">Czytaj wi\u0119cej<\/a><\/span><\/p>\n","protected":false},"author":1,"featured_media":0,"comment_status":"closed","ping_status":"open","sticky":false,"template":"","format":"standard","meta":{"footnotes":""},"categories":[4],"tags":[],"class_list":["entry","author-adminparafiibesko","post-10693","post","type-post","status-publish","format-standard","category-intencje-mszalne"],"_links":{"self":[{"href":"https:\/\/parafiabesko.pl\/index.php?rest_route=\/wp\/v2\/posts\/10693","targetHints":{"allow":["GET"]}}],"collection":[{"href":"https:\/\/parafiabesko.pl\/index.php?rest_route=\/wp\/v2\/posts"}],"about":[{"href":"https:\/\/parafiabesko.pl\/index.php?rest_route=\/wp\/v2\/types\/post"}],"author":[{"embeddable":true,"href":"https:\/\/parafiabesko.pl\/index.php?rest_route=\/wp\/v2\/users\/1"}],"replies":[{"embeddable":true,"href":"https:\/\/parafiabesko.pl\/index.php?rest_route=%2Fwp%2Fv2%2Fcomments&post=10693"}],"version-history":[{"count":0,"href":"https:\/\/parafiabesko.pl\/index.php?rest_route=\/wp\/v2\/posts\/10693\/revisions"}],"wp:attachment":[{"href":"https:\/\/parafiabesko.pl\/index.php?rest_route=%2Fwp%2Fv2%2Fmedia&parent=10693"}],"wp:term":[{"taxonomy":"category","embeddable":true,"href":"https:\/\/parafiabesko.pl\/index.php?rest_route=%2Fwp%2Fv2%2Fcategories&post=10693"},{"taxonomy":"post_tag","embeddable":true,"href":"https:\/\/parafiabesko.pl\/index.php?rest_route=%2Fwp%2Fv2%2Ftags&post=10693"}],"curies":[{"name":"wp","href":"https:\/\/api.w.org\/{rel}","templated":true}]}}