{"id":1069,"date":"2013-07-27T20:00:43","date_gmt":"2013-07-27T20:00:43","guid":{"rendered":"http:\/\/parafiabesko.pl\/?p=1069"},"modified":"2013-07-27T20:00:43","modified_gmt":"2013-07-27T20:00:43","slug":"intencje-mszalne-29-4-08-2013","status":"publish","type":"post","link":"https:\/\/parafiabesko.pl\/?p=1069","title":{"rendered":"Intencje mszalne 29-4.08.2013"},"content":{"rendered":"<p>\n\tW najbli\u017cszym tygodniu zostan\u0105 odprawione nast\u0119puj\u0105ce intencje mszalne:\n<\/p>\n<p>\n\t<!--more-->\n<\/p>\n<table border=\"1\" cellpadding=\"1\" cellspacing=\"1\" style=\"width: 500px;\">\n<tbody>\n<tr>\n<td>\n\t\t\t\tDzie\u0144 tygodnia\n\t\t\t<\/td>\n<td>\n\t\t\t\tgodzina\n\t\t\t<\/td>\n<td>\n\t\t\t\tIntencja\n\t\t\t<\/td>\n<\/tr>\n<tr>\n<td colspan=\"1\" rowspan=\"2\">\n\t\t\t\tPoniedzia\u0142ek\n\t\t\t<\/td>\n<td>\n\t\t\t\t7.00\n\t\t\t<\/td>\n<td>\n\t\t\t\t+Antoni i Antonina Krupianik\n\t\t\t<\/td>\n<\/tr>\n<tr>\n<td>\n\t\t\t\t18.00\n\t\t\t<\/td>\n<td>\n\t\t\t\tO zdrowie i potrzebne \u0142aski dla rodzin z r&oacute;\u017cy Folcik Heleny\n\t\t\t<\/td>\n<\/tr>\n<tr>\n<td colspan=\"1\" rowspan=\"2\">\n\t\t\t\tWtorek\n\t\t\t<\/td>\n<td>\n\t\t\t\t7.00\n\t\t\t<\/td>\n<td>\n\t\t\t\t+Stanis\u0142aw Tele\u017cy\u0144ski w 5r.\u015bm, Jan, J&oacute;zefa Tele\u017cy\u0144scy w 8r.\u015bm i Maria Kielar\n\t\t\t<\/td>\n<\/tr>\n<tr>\n<td>\n\t\t\t\t18.00\n\t\t\t<\/td>\n<td>\n\t\t\t\t+Helena Kijowska (of. rodzina Szul&oacute;w)\n\t\t\t<\/td>\n<\/tr>\n<tr>\n<td colspan=\"1\" rowspan=\"2\">\n\t\t\t\t\u015aroda\n\t\t\t<\/td>\n<td>\n\t\t\t\t7.00\n\t\t\t<\/td>\n<td>\n\t\t\t\t+Witold Szul i za zmar\u0142ych z rodziny\n\t\t\t<\/td>\n<\/tr>\n<tr>\n<td>\n\t\t\t\t18.00\n\t\t\t<\/td>\n<td>\n\t\t\t\t+Halina Kocha\u0144ska (of. pracownicy Gminnego O\u015brodka Kultury w Korczynie)\n\t\t\t<\/td>\n<\/tr>\n<tr>\n<td colspan=\"1\" rowspan=\"2\">\n\t\t\t\tCzwartek\n\t\t\t<\/td>\n<td>\n\t\t\t\t7.00\n\t\t\t<\/td>\n<td>\n\t\t\t\t+Kazimiera Folcik (of. rodzina)\n\t\t\t<\/td>\n<\/tr>\n<tr>\n<td>\n\t\t\t\t18.00\n\t\t\t<\/td>\n<td>\n\t\t\t\t+Krystyna Kijowska\n\t\t\t<\/td>\n<\/tr>\n<tr>\n<td colspan=\"1\" rowspan=\"2\">\n\t\t\t\tPi\u0105tek\n\t\t\t<\/td>\n<td>\n\t\t\t\t7.00\n\t\t\t<\/td>\n<td>\n\t\t\t\t+Henryk Mazur\n\t\t\t<\/td>\n<\/tr>\n<tr>\n<td>\n\t\t\t\t18.00\n\t\t\t<\/td>\n<td>\n\t\t\t\t+Krystyna Sza\u0142ankiewicz w 4r.\u015bm.\n\t\t\t<\/td>\n<\/tr>\n<tr>\n<td colspan=\"1\" rowspan=\"2\">\n\t\t\t\tSobota\n\t\t\t<\/td>\n<td>\n\t\t\t\t7.00\n\t\t\t<\/td>\n<td>\n\t\t\t\t+Janina Pasek w 2r.\u015bm\n\t\t\t<\/td>\n<\/tr>\n<tr>\n<td>\n\t\t\t\t20.00\n\t\t\t<\/td>\n<td>\n\t\t\t\tO zdrowie, b\u0142ogos\u0142awie\u0144stwo Bo\u017ce i potrzebne \u0142aski w rocznic\u0119 \u015blubu Joanny i Witolda Czy\u017c, i Katarzyny i Marka Szuba\n\t\t\t<\/td>\n<\/tr>\n<tr>\n<td colspan=\"1\" rowspan=\"4\">\n\t\t\t\tNiedziela\n\t\t\t<\/td>\n<td>\n\t\t\t\t7.30\n\t\t\t<\/td>\n<td>\n\t\t\t\t+Wies\u0142aw Zawojski w 1r.\u015bm.\n\t\t\t<\/td>\n<\/tr>\n<tr>\n<td>\n\t\t\t\t9.15\n\t\t\t<\/td>\n<td>\n\t\t\t\t+Stanis\u0142awa Mermer w 6r.\u015bm\n\t\t\t<\/td>\n<\/tr>\n<tr>\n<td>\n\t\t\t\t11.00\n\t\t\t<\/td>\n<td>\n\t\t\t\tW intencji parafian\n\t\t\t<\/td>\n<\/tr>\n<tr>\n<td>\n\t\t\t\t16.30\n\t\t\t<\/td>\n<td>\n\t\t\t\t+Maria i Edward Zaj\u0105czkowscy\n\t\t\t<\/td>\n<\/tr>\n<\/tbody>\n<\/table>\n<p>\n\t&nbsp;<\/p>\n","protected":false},"excerpt":{"rendered":"<p>W najbli\u017cszym tygodniu zostan\u0105 odprawione nast\u0119puj\u0105ce intencje mszalne:<span class=\"more-link\"><a href=\"https:\/\/parafiabesko.pl\/?p=1069\">Czytaj wi\u0119cej<\/a><\/span><\/p>\n","protected":false},"author":1,"featured_media":1055,"comment_status":"closed","ping_status":"open","sticky":false,"template":"","format":"standard","meta":{"footnotes":""},"categories":[7],"tags":[],"class_list":["entry","author-adminparafiibesko","has-more-link","post-1069","post","type-post","status-publish","format-standard","has-post-thumbnail","category-ogloszenia-parafialne"],"_links":{"self":[{"href":"https:\/\/parafiabesko.pl\/index.php?rest_route=\/wp\/v2\/posts\/1069","targetHints":{"allow":["GET"]}}],"collection":[{"href":"https:\/\/parafiabesko.pl\/index.php?rest_route=\/wp\/v2\/posts"}],"about":[{"href":"https:\/\/parafiabesko.pl\/index.php?rest_route=\/wp\/v2\/types\/post"}],"author":[{"embeddable":true,"href":"https:\/\/parafiabesko.pl\/index.php?rest_route=\/wp\/v2\/users\/1"}],"replies":[{"embeddable":true,"href":"https:\/\/parafiabesko.pl\/index.php?rest_route=%2Fwp%2Fv2%2Fcomments&post=1069"}],"version-history":[{"count":0,"href":"https:\/\/parafiabesko.pl\/index.php?rest_route=\/wp\/v2\/posts\/1069\/revisions"}],"wp:featuredmedia":[{"embeddable":true,"href":"https:\/\/parafiabesko.pl\/index.php?rest_route=\/"}],"wp:attachment":[{"href":"https:\/\/parafiabesko.pl\/index.php?rest_route=%2Fwp%2Fv2%2Fmedia&parent=1069"}],"wp:term":[{"taxonomy":"category","embeddable":true,"href":"https:\/\/parafiabesko.pl\/index.php?rest_route=%2Fwp%2Fv2%2Fcategories&post=1069"},{"taxonomy":"post_tag","embeddable":true,"href":"https:\/\/parafiabesko.pl\/index.php?rest_route=%2Fwp%2Fv2%2Ftags&post=1069"}],"curies":[{"name":"wp","href":"https:\/\/api.w.org\/{rel}","templated":true}]}}