{"id":10678,"date":"2024-07-27T14:25:26","date_gmt":"2024-07-27T14:25:26","guid":{"rendered":"https:\/\/parafiabesko.pl\/?p=10678"},"modified":"2024-07-27T14:25:26","modified_gmt":"2024-07-27T14:25:26","slug":"intencje-mszalne-28-07-4-08-2024r","status":"publish","type":"post","link":"https:\/\/parafiabesko.pl\/?p=10678","title":{"rendered":"Intencje mszalne 29.07.-4.08.2024r."},"content":{"rendered":"<table>\n<tbody>\n<tr>\n<td rowspan=\"2\" width=\"166\"><strong>Poniedzia\u0142ek<\/strong><\/p>\n<p><strong>29.07.2024r.<\/strong><\/p>\n<p>&nbsp;<\/td>\n<td width=\"71\"><strong>7.00<\/strong><\/td>\n<td width=\"457\">+Mieczys\u0142aw\u0119 \u0106wi\u0105ka\u0142a of. wnuczka Aleksandra z rodzin\u0105<\/td>\n<\/tr>\n<tr>\n<td width=\"71\"><strong>18.00<\/strong><\/td>\n<td width=\"457\">+Maria Zawojska<\/td>\n<\/tr>\n<tr>\n<td rowspan=\"2\" width=\"166\"><strong>Wtorek<\/strong><\/p>\n<p><strong>30.07.2024r.<\/strong><\/p>\n<p>&nbsp;<\/td>\n<td width=\"71\"><strong>7.00<\/strong><\/td>\n<td width=\"457\">+Stanis\u0142aw\u0119 \/20 r. \u015bm.\/, Tadeusz, Genowefa i W\u0142adys\u0142aw<\/td>\n<\/tr>\n<tr>\n<td width=\"71\"><strong>18.00<\/strong><\/td>\n<td width=\"457\">+Boles\u0142aw Bana\u015b \/23 r. \u015bm.\/ of. syn Tomasz z rodzin\u0105<\/td>\n<\/tr>\n<tr>\n<td rowspan=\"2\" width=\"166\"><strong>\u015aroda<\/strong><\/p>\n<p><strong>31.07.2024r.<\/strong><\/p>\n<p><strong>\u00a0<\/strong><\/td>\n<td width=\"71\"><strong>7.00<\/strong><\/td>\n<td width=\"457\">+Janina Kwocza\u0142a of. rodzina Ziemia\u0144skich<\/td>\n<\/tr>\n<tr>\n<td width=\"71\"><strong>18.00<\/strong><\/td>\n<td width=\"457\">-W 18 rocznic\u0119 urodzin Grzegorza z pro\u015bb\u0105 o opiek\u0119 Bo\u017c\u0105 w doros\u0142ym \u017cyciu<\/td>\n<\/tr>\n<tr>\n<td rowspan=\"2\" width=\"166\"><strong>Czwartek<\/strong><\/p>\n<p><strong>1.08.2024r.<\/strong><\/td>\n<td width=\"71\"><strong>7.00<\/strong><\/td>\n<td width=\"457\">+Andrzej Leszczy\u0144ski of. rodzina Zima<\/td>\n<\/tr>\n<tr>\n<td width=\"71\"><strong>18.00<\/strong><\/td>\n<td width=\"457\">-W 30 urodziny Karola z pro\u015bb\u0105 o b\u0142og. Bo\u017ce i opiek\u0119 Matki Bo\u017cej<\/td>\n<\/tr>\n<tr>\n<td rowspan=\"2\" width=\"166\"><strong>Pi\u0105tek<\/strong><\/p>\n<p><strong>2.08.2024r.<\/strong><\/p>\n<p>&nbsp;<\/td>\n<td width=\"71\"><strong>7.00<\/strong><\/td>\n<td width=\"457\">+Mieczys\u0142aw\u0119 \u0106wi\u0105ka\u0142a of. s\u0105siedzi z Suchej Wsi<\/td>\n<\/tr>\n<tr>\n<td width=\"71\"><strong>18.00<\/strong><\/td>\n<td width=\"457\">+Krystyna Sza\u0142ankiewicz \/15 r. \u015bm.\/<\/td>\n<\/tr>\n<tr>\n<td rowspan=\"2\" width=\"166\"><strong>Sobota<\/strong><\/p>\n<p><strong>3.08.2024r.<\/strong><\/p>\n<p>&nbsp;<\/td>\n<td width=\"71\"><strong>7.00<\/strong><\/td>\n<td width=\"457\">-O b\u0142og. Bo\u017ce, opiek\u0119 Matki Bo\u017cej i dary Ducha \u015bw. w 18 urodziny Martiny<\/td>\n<\/tr>\n<tr>\n<td width=\"71\"><strong>20.00<\/strong><\/td>\n<td width=\"457\">+Janina Kwocza\u0142a of. Zak\u0142ad Gospodarki Komunalnej w Besku<\/td>\n<\/tr>\n<tr>\n<td rowspan=\"4\" width=\"166\"><strong>Niedziela<\/strong><\/p>\n<p><strong>4.08.2024r.<\/strong><\/p>\n<p>&nbsp;<\/td>\n<td width=\"71\"><strong>7.30<\/strong><\/td>\n<td width=\"457\">+Maria Kiero\u0144ska<\/td>\n<\/tr>\n<tr>\n<td width=\"71\"><strong>9.15<\/strong><\/td>\n<td width=\"457\">+Bogumi\u0142a Kocha\u0144ska<\/td>\n<\/tr>\n<tr>\n<td width=\"71\"><strong>11.00<\/strong><\/td>\n<td width=\"457\"><strong>Za Parafian<\/strong><\/td>\n<\/tr>\n<tr>\n<td width=\"71\"><strong>16.30<\/strong><\/td>\n<td width=\"457\">+Stanis\u0142aw Szul \/2 r. \u015bm.\/, Maria i Kazimierz of. c\u00f3rka<\/td>\n<\/tr>\n<\/tbody>\n<\/table>\n","protected":false},"excerpt":{"rendered":"<p>Poniedzia\u0142ek 29.07.2024r. &nbsp; 7.00 +Mieczys\u0142aw\u0119 \u0106wi\u0105ka\u0142a of. wnuczka Aleksandra z rodzin\u0105 18.00 +Maria Zawojska Wtorek 30.07.2024r. &nbsp; 7.00 +Stanis\u0142aw\u0119 \/20 r. \u015bm.\/, Tadeusz, Genowefa i W\u0142adys\u0142aw 18.00 +Boles\u0142aw Bana\u015b \/23 r. \u015bm.\/ of. syn Tomasz z rodzin\u0105 \u015aroda 31.07.2024r. \u00a0 7.00 +Janina Kwocza\u0142a of. rodzina Ziemia\u0144skich 18.00 -W 18 rocznic\u0119<span class=\"more-link\"><a href=\"https:\/\/parafiabesko.pl\/?p=10678\">Czytaj wi\u0119cej<\/a><\/span><\/p>\n","protected":false},"author":1,"featured_media":0,"comment_status":"closed","ping_status":"open","sticky":false,"template":"","format":"standard","meta":{"footnotes":""},"categories":[4],"tags":[],"class_list":["entry","author-adminparafiibesko","post-10678","post","type-post","status-publish","format-standard","category-intencje-mszalne"],"_links":{"self":[{"href":"https:\/\/parafiabesko.pl\/index.php?rest_route=\/wp\/v2\/posts\/10678","targetHints":{"allow":["GET"]}}],"collection":[{"href":"https:\/\/parafiabesko.pl\/index.php?rest_route=\/wp\/v2\/posts"}],"about":[{"href":"https:\/\/parafiabesko.pl\/index.php?rest_route=\/wp\/v2\/types\/post"}],"author":[{"embeddable":true,"href":"https:\/\/parafiabesko.pl\/index.php?rest_route=\/wp\/v2\/users\/1"}],"replies":[{"embeddable":true,"href":"https:\/\/parafiabesko.pl\/index.php?rest_route=%2Fwp%2Fv2%2Fcomments&post=10678"}],"version-history":[{"count":0,"href":"https:\/\/parafiabesko.pl\/index.php?rest_route=\/wp\/v2\/posts\/10678\/revisions"}],"wp:attachment":[{"href":"https:\/\/parafiabesko.pl\/index.php?rest_route=%2Fwp%2Fv2%2Fmedia&parent=10678"}],"wp:term":[{"taxonomy":"category","embeddable":true,"href":"https:\/\/parafiabesko.pl\/index.php?rest_route=%2Fwp%2Fv2%2Fcategories&post=10678"},{"taxonomy":"post_tag","embeddable":true,"href":"https:\/\/parafiabesko.pl\/index.php?rest_route=%2Fwp%2Fv2%2Ftags&post=10678"}],"curies":[{"name":"wp","href":"https:\/\/api.w.org\/{rel}","templated":true}]}}