{"id":10675,"date":"2024-07-20T14:12:55","date_gmt":"2024-07-20T14:12:55","guid":{"rendered":"https:\/\/parafiabesko.pl\/?p=10675"},"modified":"2024-07-20T14:12:55","modified_gmt":"2024-07-20T14:12:55","slug":"ogloszenia-parafialne-16-niedziela-zwykla-21-07-2024r","status":"publish","type":"post","link":"https:\/\/parafiabesko.pl\/?p=10675","title":{"rendered":"Og\u0142oszenia parafialne 16 Niedziela zwyk\u0142a 21.07.2024r."},"content":{"rendered":"<h3><strong>W zwi\u0105zku ze wspomnieniem \u015bw. Krzysztofa, patrona kierowc<\/strong><strong>\u00f3w &#8211; dzisiaj po ka\u017cdej Mszy \u015bwi\u0119tej b\u0119dzie sprawowany obrz\u0119d b\u0142ogos\u0142awie\u0144stwa\u00a0 kierowc\u00f3w i pojazd\u00f3w mechanicznych. Ofiary sk\u0142adane przy tej okazji przeznaczone s\u0105 na Misje \u015bwi\u0119te.<\/strong><\/h3>\n<h3>W poniedzia\u0142ek wspomnienie \u015bw. Marii Magdaleny o godz. 18.00 modlitwa przy relikwiach \u015bw. Jana Paw\u0142a II.<\/h3>\n<h3>We wtorek \u015bwi\u0119to \u015bw. Brygidy, patronki Europy o godz. 18.00 Nabo\u017ce\u0144stwo do Bo\u017cego Mi\u0142osierdzia.<\/h3>\n<h3>We \u015brod\u0119 wspomnienie liturgiczne \u015bw. Kingi o godz. 18.00 Nowenna do MB Nieustaj\u0105cej Pomocy.<\/h3>\n<h3>W czwartek \u015bwi\u0119to \u015bw. Jakuba Aposto\u0142a.<\/h3>\n<h3>W pi\u0105tek wspomnienie \u015bw. Joachima i Anny, rodzic\u00f3w NMP. Modlimy si\u0119 za osoby starsze.<\/h3>\n<h3>W najbli\u017csz\u0105 sobot\u0119 27.07.2024r. jest organizowany X Charytatywny turniej pi\u0142ki pla\u017cowej <strong>\u201eGramy dla Adasia\u201d<\/strong> w Besku ul. Nadrzeczna 12. Pocz\u0105tek o godz. 10.00. Program na plakatach. Organizatorzy serdecznie zapraszaj\u0105!<\/h3>\n<h3>W przysz\u0142\u0105 niedziel\u0119 \u015awiatowy Dzie\u0144 Dziak\u00f3w i Os\u00f3b Starszych ustanowiony przez Ojca \u015awi\u0119tego Franciszka.<\/h3>\n<h3>Serdecznie dzi\u0119kujemy Parafiankom za wypranie pokrowc\u00f3w na \u0142awki. B\u00f3g zap\u0142a\u0107!<\/h3>\n","protected":false},"excerpt":{"rendered":"<p>W zwi\u0105zku ze wspomnieniem \u015bw. Krzysztofa, patrona kierowc\u00f3w &#8211; dzisiaj po ka\u017cdej Mszy \u015bwi\u0119tej b\u0119dzie sprawowany obrz\u0119d b\u0142ogos\u0142awie\u0144stwa\u00a0 kierowc\u00f3w i pojazd\u00f3w mechanicznych. Ofiary sk\u0142adane przy tej okazji przeznaczone s\u0105 na Misje \u015bwi\u0119te. W poniedzia\u0142ek wspomnienie \u015bw. Marii Magdaleny o godz. 18.00 modlitwa przy relikwiach \u015bw. Jana Paw\u0142a II. We wtorek<span class=\"more-link\"><a href=\"https:\/\/parafiabesko.pl\/?p=10675\">Czytaj wi\u0119cej<\/a><\/span><\/p>\n","protected":false},"author":1,"featured_media":0,"comment_status":"closed","ping_status":"open","sticky":false,"template":"","format":"standard","meta":{"footnotes":""},"categories":[7],"tags":[],"class_list":["entry","author-adminparafiibesko","post-10675","post","type-post","status-publish","format-standard","category-ogloszenia-parafialne"],"_links":{"self":[{"href":"https:\/\/parafiabesko.pl\/index.php?rest_route=\/wp\/v2\/posts\/10675","targetHints":{"allow":["GET"]}}],"collection":[{"href":"https:\/\/parafiabesko.pl\/index.php?rest_route=\/wp\/v2\/posts"}],"about":[{"href":"https:\/\/parafiabesko.pl\/index.php?rest_route=\/wp\/v2\/types\/post"}],"author":[{"embeddable":true,"href":"https:\/\/parafiabesko.pl\/index.php?rest_route=\/wp\/v2\/users\/1"}],"replies":[{"embeddable":true,"href":"https:\/\/parafiabesko.pl\/index.php?rest_route=%2Fwp%2Fv2%2Fcomments&post=10675"}],"version-history":[{"count":0,"href":"https:\/\/parafiabesko.pl\/index.php?rest_route=\/wp\/v2\/posts\/10675\/revisions"}],"wp:attachment":[{"href":"https:\/\/parafiabesko.pl\/index.php?rest_route=%2Fwp%2Fv2%2Fmedia&parent=10675"}],"wp:term":[{"taxonomy":"category","embeddable":true,"href":"https:\/\/parafiabesko.pl\/index.php?rest_route=%2Fwp%2Fv2%2Fcategories&post=10675"},{"taxonomy":"post_tag","embeddable":true,"href":"https:\/\/parafiabesko.pl\/index.php?rest_route=%2Fwp%2Fv2%2Ftags&post=10675"}],"curies":[{"name":"wp","href":"https:\/\/api.w.org\/{rel}","templated":true}]}}