{"id":10673,"date":"2024-07-20T14:09:08","date_gmt":"2024-07-20T14:09:08","guid":{"rendered":"https:\/\/parafiabesko.pl\/?p=10673"},"modified":"2024-07-20T14:09:08","modified_gmt":"2024-07-20T14:09:08","slug":"intencje-mszalne-22-28-07-2024r","status":"publish","type":"post","link":"https:\/\/parafiabesko.pl\/?p=10673","title":{"rendered":"Intencje mszalne 22-28.07.2024r."},"content":{"rendered":"<table>\n<tbody>\n<tr>\n<td rowspan=\"2\" width=\"166\"><strong>Poniedzia\u0142ek<\/strong><\/p>\n<p><strong>22.07.2024r.<\/strong><\/p>\n<p>&nbsp;<\/td>\n<td width=\"71\"><strong>7.00<\/strong><\/td>\n<td width=\"457\">+Wojciech Wo\u0142owczyk of. koledzy kole\u017canki rocznik 1980<\/td>\n<\/tr>\n<tr>\n<td width=\"71\"><strong>18.00<\/strong><\/td>\n<td width=\"457\">-Dzi\u0119kczynna w 30 rocznic\u0119 urodzin Pauliny z pro\u015bb\u0105 o dalsze b\u0142og. Bo\u017ce<\/td>\n<\/tr>\n<tr>\n<td rowspan=\"2\" width=\"166\"><strong>Wtorek<\/strong><\/p>\n<p><strong>23.07.2024r.<\/strong><\/p>\n<p>&nbsp;<\/td>\n<td width=\"71\"><strong>7.00<\/strong><\/td>\n<td width=\"457\">+Danuta Chyna\u0142 \/20 r. \u015bm.\/<\/td>\n<\/tr>\n<tr>\n<td width=\"71\"><strong>18.00<\/strong><\/td>\n<td width=\"457\">+Jan Chyna\u0142, Leszek, Aniela, Franciszek<\/td>\n<\/tr>\n<tr>\n<td rowspan=\"2\" width=\"166\"><strong>\u015aroda<\/strong><\/p>\n<p><strong>24.07.2024r.<\/strong><\/p>\n<p><strong>\u00a0<\/strong><\/td>\n<td width=\"71\"><strong>7.00<\/strong><\/td>\n<td width=\"457\">+Mieczys\u0142aw\u0119 \u0106wi\u0105ka\u0142a of. c\u00f3rka Anna z m\u0119\u017cem<\/td>\n<\/tr>\n<tr>\n<td width=\"71\"><strong>18.00<\/strong><\/td>\n<td width=\"457\">+Anna, J\u00f3zef Szczur of. c\u00f3rka Lucyna z rodzin\u0105<\/td>\n<\/tr>\n<tr>\n<td rowspan=\"2\" width=\"166\"><strong>Czwartek<\/strong><\/p>\n<p><strong>25.07.2024r.<\/strong><\/td>\n<td width=\"71\"><strong>7.00<\/strong><\/td>\n<td width=\"457\">+Mieczys\u0142aw\u0119 \u0106wi\u0105ka\u0142a of. siostry z r\u00f3\u017cy \u015bw. Marty prze\u0142o\u017cona Maria Szyndler<\/td>\n<\/tr>\n<tr>\n<td width=\"71\"><strong>18.00<\/strong><\/td>\n<td width=\"457\">+Krzysztof Such<\/td>\n<\/tr>\n<tr>\n<td rowspan=\"2\" width=\"166\"><strong>Pi\u0105tek<\/strong><\/p>\n<p><strong>26.07.2024r.<\/strong><\/p>\n<p>&nbsp;<\/td>\n<td width=\"71\"><strong>7.00<\/strong><\/td>\n<td width=\"457\">-O b\u0142og. Bo\u017ce dla si\u00f3str z r\u00f3\u017cy \u015bw. Anny<\/td>\n<\/tr>\n<tr>\n<td width=\"71\"><strong>18.00<\/strong><\/td>\n<td width=\"457\">+Mieczys\u0142aw Semenowicz \/24 r. \u015bm.\/<\/td>\n<\/tr>\n<tr>\n<td rowspan=\"2\" width=\"166\"><strong>Sobota<\/strong><\/p>\n<p><strong>27.07.2024r.<\/strong><\/p>\n<p>&nbsp;<\/td>\n<td width=\"71\"><strong>7.00<\/strong><\/td>\n<td width=\"457\">+Jan, Jadwiga Michalscy<\/td>\n<\/tr>\n<tr>\n<td width=\"71\"><strong>18.00<\/strong><\/td>\n<td width=\"457\">+Zdzis\u0142aw i zm. rodzice<\/td>\n<\/tr>\n<tr>\n<td rowspan=\"4\" width=\"166\"><strong>Niedziela<\/strong><\/p>\n<p><strong>28.07.2024r.<\/strong><\/p>\n<p>&nbsp;<\/td>\n<td width=\"71\"><strong>7.30<\/strong><\/td>\n<td width=\"457\">+Andrzej, J\u00f3zef\u0119 Bolanowscy<\/td>\n<\/tr>\n<tr>\n<td width=\"71\"><strong>9.15<\/strong><\/td>\n<td width=\"457\">+Kazimierz Drozd \/7 r. \u015bm.\/<\/td>\n<\/tr>\n<tr>\n<td width=\"71\"><strong>11.00<\/strong><\/td>\n<td width=\"457\"><strong>Za Parafian<\/strong><\/td>\n<\/tr>\n<tr>\n<td width=\"71\"><strong>16.30<\/strong><\/td>\n<td width=\"457\">+Piotr Brodzicki<\/td>\n<\/tr>\n<\/tbody>\n<\/table>\n","protected":false},"excerpt":{"rendered":"<p>Poniedzia\u0142ek 22.07.2024r. &nbsp; 7.00 +Wojciech Wo\u0142owczyk of. koledzy kole\u017canki rocznik 1980 18.00 -Dzi\u0119kczynna w 30 rocznic\u0119 urodzin Pauliny z pro\u015bb\u0105 o dalsze b\u0142og. Bo\u017ce Wtorek 23.07.2024r. &nbsp; 7.00 +Danuta Chyna\u0142 \/20 r. \u015bm.\/ 18.00 +Jan Chyna\u0142, Leszek, Aniela, Franciszek \u015aroda 24.07.2024r. \u00a0 7.00 +Mieczys\u0142aw\u0119 \u0106wi\u0105ka\u0142a of. c\u00f3rka Anna z m\u0119\u017cem<span class=\"more-link\"><a href=\"https:\/\/parafiabesko.pl\/?p=10673\">Czytaj wi\u0119cej<\/a><\/span><\/p>\n","protected":false},"author":1,"featured_media":0,"comment_status":"closed","ping_status":"open","sticky":false,"template":"","format":"standard","meta":{"footnotes":""},"categories":[4],"tags":[],"class_list":["entry","author-adminparafiibesko","post-10673","post","type-post","status-publish","format-standard","category-intencje-mszalne"],"_links":{"self":[{"href":"https:\/\/parafiabesko.pl\/index.php?rest_route=\/wp\/v2\/posts\/10673","targetHints":{"allow":["GET"]}}],"collection":[{"href":"https:\/\/parafiabesko.pl\/index.php?rest_route=\/wp\/v2\/posts"}],"about":[{"href":"https:\/\/parafiabesko.pl\/index.php?rest_route=\/wp\/v2\/types\/post"}],"author":[{"embeddable":true,"href":"https:\/\/parafiabesko.pl\/index.php?rest_route=\/wp\/v2\/users\/1"}],"replies":[{"embeddable":true,"href":"https:\/\/parafiabesko.pl\/index.php?rest_route=%2Fwp%2Fv2%2Fcomments&post=10673"}],"version-history":[{"count":0,"href":"https:\/\/parafiabesko.pl\/index.php?rest_route=\/wp\/v2\/posts\/10673\/revisions"}],"wp:attachment":[{"href":"https:\/\/parafiabesko.pl\/index.php?rest_route=%2Fwp%2Fv2%2Fmedia&parent=10673"}],"wp:term":[{"taxonomy":"category","embeddable":true,"href":"https:\/\/parafiabesko.pl\/index.php?rest_route=%2Fwp%2Fv2%2Fcategories&post=10673"},{"taxonomy":"post_tag","embeddable":true,"href":"https:\/\/parafiabesko.pl\/index.php?rest_route=%2Fwp%2Fv2%2Ftags&post=10673"}],"curies":[{"name":"wp","href":"https:\/\/api.w.org\/{rel}","templated":true}]}}