{"id":1066,"date":"2013-07-21T05:55:56","date_gmt":"2013-07-21T05:55:56","guid":{"rendered":"http:\/\/parafiabesko.pl\/?p=1066"},"modified":"2013-07-21T05:55:56","modified_gmt":"2013-07-21T05:55:56","slug":"intencje-mszalne-22-28-07-2013","status":"publish","type":"post","link":"https:\/\/parafiabesko.pl\/?p=1066","title":{"rendered":"Intencje mszalne 22-28.07.2013"},"content":{"rendered":"<p>\n\tW najbli\u017cszym tygodniu zostan\u0105 odprawione nast\u0119puj\u0105ce intencje mszalne:\n<\/p>\n<p>\n\t<!--more-->\n<\/p>\n<table border=\"1\" cellpadding=\"1\" cellspacing=\"1\" style=\"width: 500px;\">\n<tbody>\n<tr>\n<td>\n\t\t\t\tDzie\u0144 tygodnia\n\t\t\t<\/td>\n<td>\n\t\t\t\tgodzina\n\t\t\t<\/td>\n<td>\n\t\t\t\tIntencja\n\t\t\t<\/td>\n<\/tr>\n<tr>\n<td colspan=\"1\" rowspan=\"2\">\n\t\t\t\tPoniedzia\u0142ek\n\t\t\t<\/td>\n<td>\n\t\t\t\t7.00\n\t\t\t<\/td>\n<td>\n\t\t\t\t+Julian, Stanis\u0142awa, Stanis\u0142aw Knurek\n\t\t\t<\/td>\n<\/tr>\n<tr>\n<td>\n\t\t\t\t18.00\n\t\t\t<\/td>\n<td>\n\t\t\t\tW intencji Panu Bogu wiadomej\n\t\t\t<\/td>\n<\/tr>\n<tr>\n<td colspan=\"1\" rowspan=\"2\">\n\t\t\t\tWtorek\n\t\t\t<\/td>\n<td>\n\t\t\t\t7.00\n\t\t\t<\/td>\n<td>\n\t\t\t\t+Maria Szcz\u0119sna w 6r.\u015bm.\n\t\t\t<\/td>\n<\/tr>\n<tr>\n<td>\n\t\t\t\t18.00\n\t\t\t<\/td>\n<td>\n\t\t\t\t+Krzysztof i Bronis\u0142awa Krzyszto\u0144 w 5r.\u015bm. (of synowie z rodzinami)\n\t\t\t<\/td>\n<\/tr>\n<tr>\n<td colspan=\"1\" rowspan=\"2\">\n\t\t\t\t\u015aroda\n\t\t\t<\/td>\n<td>\n\t\t\t\t7.00\n\t\t\t<\/td>\n<td>\n\t\t\t\t+Stanis\u0142awa Czech\n\t\t\t<\/td>\n<\/tr>\n<tr>\n<td>\n\t\t\t\t18.00\n\t\t\t<\/td>\n<td>\n\t\t\t\t+Stanis\u0142aw Kwiatkowski (of. s\u0105siedzi)\n\t\t\t<\/td>\n<\/tr>\n<tr>\n<td colspan=\"1\" rowspan=\"2\">\n\t\t\t\tCzwartek\n\t\t\t<\/td>\n<td>\n\t\t\t\t7.00\n\t\t\t<\/td>\n<td>\n\t\t\t\t+Piotr, Tadeusz Kopeccy\n\t\t\t<\/td>\n<\/tr>\n<tr>\n<td>\n\t\t\t\t18.00\n\t\t\t<\/td>\n<td>\n\t\t\t\t+Zdzis\u0142aw Marian Pelczarscy\n\t\t\t<\/td>\n<\/tr>\n<tr>\n<td colspan=\"1\" rowspan=\"2\">\n\t\t\t\tPi\u0105tek\n\t\t\t<\/td>\n<td>\n\t\t\t\t7.00\n\t\t\t<\/td>\n<td>\n\t\t\t\tDzi\u0119kczynna\n\t\t\t<\/td>\n<\/tr>\n<tr>\n<td>\n\t\t\t\t18.00\n\t\t\t<\/td>\n<td>\n\t\t\t\t+Stanis\u0142aw Szybka w 24r.\u015bm.\n\t\t\t<\/td>\n<\/tr>\n<tr>\n<td colspan=\"1\" rowspan=\"2\">\n\t\t\t\tSobota\n\t\t\t<\/td>\n<td>\n\t\t\t\t7.00\n\t\t\t<\/td>\n<td>\n\t\t\t\t+O zdrowie i Bo\u017ce b\u0142ogos\u0142awie\u0144stwo dla si&oacute;str r&oacute;\u017ca\u0144cowych z R&oacute;\u017cy El\u017cbiety Kielar\n\t\t\t<\/td>\n<\/tr>\n<tr>\n<td>\n\t\t\t\t18.00\n\t\t\t<\/td>\n<td>\n\t\t\t\t+Czes\u0142awa Kielar\n\t\t\t<\/td>\n<\/tr>\n<tr>\n<td colspan=\"1\" rowspan=\"4\">\n\t\t\t\tNiedziela\n\t\t\t<\/td>\n<td>\n\t\t\t\t7.30\n\t\t\t<\/td>\n<td>\n\t\t\t\t+Daniel Pelczar\n\t\t\t<\/td>\n<\/tr>\n<tr>\n<td>\n\t\t\t\t9.15\n\t\t\t<\/td>\n<td>\n\t\t\t\t+Tadeusz w 1r.\u015bm i Piotr Kopecki w 4r.\u015bm\n\t\t\t<\/td>\n<\/tr>\n<tr>\n<td>\n\t\t\t\t11.00\n\t\t\t<\/td>\n<td>\n\t\t\t\tW intencji parafian\n\t\t\t<\/td>\n<\/tr>\n<tr>\n<td>\n\t\t\t\t16.30\n\t\t\t<\/td>\n<td>\n\t\t\t\tW intencji Heleny i Stanis\u0142awa Folcik w 40r. Sakramentu Ma\u0142\u017ce\u0144stwa z pro\u015bb\u0105 dalsze \u0142aski, Bo\u017ce b\u0142og. i opiek\u0119 Matki Bo\u017cej\n\t\t\t<\/td>\n<\/tr>\n<\/tbody>\n<\/table>\n<p>\n\t&nbsp;<\/p>\n","protected":false},"excerpt":{"rendered":"<p>W najbli\u017cszym tygodniu zostan\u0105 odprawione nast\u0119puj\u0105ce intencje mszalne:<span class=\"more-link\"><a href=\"https:\/\/parafiabesko.pl\/?p=1066\">Czytaj wi\u0119cej<\/a><\/span><\/p>\n","protected":false},"author":1,"featured_media":1055,"comment_status":"closed","ping_status":"open","sticky":false,"template":"","format":"standard","meta":{"footnotes":""},"categories":[7],"tags":[],"class_list":["entry","author-adminparafiibesko","has-more-link","post-1066","post","type-post","status-publish","format-standard","has-post-thumbnail","category-ogloszenia-parafialne"],"_links":{"self":[{"href":"https:\/\/parafiabesko.pl\/index.php?rest_route=\/wp\/v2\/posts\/1066","targetHints":{"allow":["GET"]}}],"collection":[{"href":"https:\/\/parafiabesko.pl\/index.php?rest_route=\/wp\/v2\/posts"}],"about":[{"href":"https:\/\/parafiabesko.pl\/index.php?rest_route=\/wp\/v2\/types\/post"}],"author":[{"embeddable":true,"href":"https:\/\/parafiabesko.pl\/index.php?rest_route=\/wp\/v2\/users\/1"}],"replies":[{"embeddable":true,"href":"https:\/\/parafiabesko.pl\/index.php?rest_route=%2Fwp%2Fv2%2Fcomments&post=1066"}],"version-history":[{"count":0,"href":"https:\/\/parafiabesko.pl\/index.php?rest_route=\/wp\/v2\/posts\/1066\/revisions"}],"wp:featuredmedia":[{"embeddable":true,"href":"https:\/\/parafiabesko.pl\/index.php?rest_route=\/"}],"wp:attachment":[{"href":"https:\/\/parafiabesko.pl\/index.php?rest_route=%2Fwp%2Fv2%2Fmedia&parent=1066"}],"wp:term":[{"taxonomy":"category","embeddable":true,"href":"https:\/\/parafiabesko.pl\/index.php?rest_route=%2Fwp%2Fv2%2Fcategories&post=1066"},{"taxonomy":"post_tag","embeddable":true,"href":"https:\/\/parafiabesko.pl\/index.php?rest_route=%2Fwp%2Fv2%2Ftags&post=1066"}],"curies":[{"name":"wp","href":"https:\/\/api.w.org\/{rel}","templated":true}]}}