{"id":10659,"date":"2024-07-07T19:04:46","date_gmt":"2024-07-07T19:04:46","guid":{"rendered":"https:\/\/parafiabesko.pl\/?p=10659"},"modified":"2024-07-07T19:04:46","modified_gmt":"2024-07-07T19:04:46","slug":"intencje-mszalne-15-21-07-2024r","status":"publish","type":"post","link":"https:\/\/parafiabesko.pl\/?p=10659","title":{"rendered":"Intencje mszalne 15-21.07.2024r."},"content":{"rendered":"<table>\n<tbody>\n<tr>\n<td rowspan=\"2\" width=\"166\"><strong>Poniedzia\u0142ek<\/strong><\/p>\n<p><strong>15.07.2024r.<\/strong><\/p>\n<p>&nbsp;<\/td>\n<td width=\"71\"><strong>7.00<\/strong><\/td>\n<td width=\"457\">+Mieczys\u0142aw Krzemi\u0144ski \/14 r. \u015bm.\/<\/td>\n<\/tr>\n<tr>\n<td width=\"71\"><strong>18.00<\/strong><\/td>\n<td width=\"457\">+Stanis\u0142aw P\u0142atek \/17 r. \u015bm.\/ i zm. z rodziny<\/td>\n<\/tr>\n<tr>\n<td rowspan=\"2\" width=\"166\"><strong>Wtorek<\/strong><\/p>\n<p><strong>16.07.2024r.<\/strong><\/p>\n<p>&nbsp;<\/td>\n<td width=\"71\"><strong>7.00<\/strong><\/td>\n<td width=\"457\">+W\u0142adys\u0142aw, Antonina, Wies\u0142aw Rodzinka<\/td>\n<\/tr>\n<tr>\n<td width=\"71\"><strong>18.00<\/strong><\/td>\n<td width=\"457\">+Irena Dytko of. dzieci i rodzice klas czwartych<\/td>\n<\/tr>\n<tr>\n<td rowspan=\"2\" width=\"166\"><strong>\u015aroda<\/strong><\/p>\n<p><strong>17.07.2024r.<\/strong><\/p>\n<p><strong>\u00a0<\/strong><\/td>\n<td width=\"71\"><strong>7.00<\/strong><\/td>\n<td width=\"457\">+Kazimier\u0119, Franciszek, Jan Kijanka i Karolina<\/td>\n<\/tr>\n<tr>\n<td width=\"71\"><strong>18.00<\/strong><\/td>\n<td width=\"457\">+Tadeusz Brodzicki<\/td>\n<\/tr>\n<tr>\n<td rowspan=\"2\" width=\"166\"><strong>Czwartek<\/strong><\/p>\n<p><strong>18.07.2024r.<\/strong><\/td>\n<td width=\"71\"><strong>7.00<\/strong><\/td>\n<td width=\"457\">+Jan Wac\u0142awski of. chrze\u015bniak Wojciech z rodzin\u0105<\/td>\n<\/tr>\n<tr>\n<td width=\"71\"><strong>18.00<\/strong><\/td>\n<td width=\"457\">-Dzi\u0119kczynna za \u017cycie, ma\u0142\u017ce\u0144stwo, prac\u0119 i dobrych ludzi<\/td>\n<\/tr>\n<tr>\n<td rowspan=\"2\" width=\"166\"><strong>Pi\u0105tek<\/strong><\/p>\n<p><strong>19.07.2024r.<\/strong><\/p>\n<p>&nbsp;<\/td>\n<td width=\"71\"><strong>7.00<\/strong><\/td>\n<td width=\"457\">+Za dusze w czyjscu cierpi\u0105ce<\/td>\n<\/tr>\n<tr>\n<td width=\"71\"><strong>18.00<\/strong><\/td>\n<td width=\"457\">+Jadwiga, Jan Brodziccy<\/td>\n<\/tr>\n<tr>\n<td rowspan=\"2\" width=\"166\"><strong>Sobota<\/strong><\/p>\n<p><strong>20.07.2024r.<\/strong><\/p>\n<p>&nbsp;<\/td>\n<td width=\"71\"><strong>7.00<\/strong><\/td>\n<td width=\"457\">+Czes\u0142aw Wojtasik, Stanis\u0142aw Ziemia\u0144ski i zm. z rodziny<\/td>\n<\/tr>\n<tr>\n<td width=\"71\"><strong>18.00<\/strong><\/td>\n<td width=\"457\">+Helena, Edward Bialic<\/td>\n<\/tr>\n<tr>\n<td rowspan=\"4\" width=\"166\"><strong>Niedziela<\/strong><\/p>\n<p><strong>21.07.2024r.<\/strong><\/p>\n<p>&nbsp;<\/td>\n<td width=\"71\"><strong>7.30<\/strong><\/td>\n<td width=\"457\">+Maria, Boles\u0142aw Nycz \/3 r. \u015bm.\/<\/td>\n<\/tr>\n<tr>\n<td width=\"71\"><strong>9.15<\/strong><\/td>\n<td width=\"457\">-Dzi\u0119kczynna w 50 rocznic\u0119 urodzin<\/td>\n<\/tr>\n<tr>\n<td width=\"71\"><strong>11.00<\/strong><\/td>\n<td width=\"457\"><strong>Za Parafian<\/strong><\/td>\n<\/tr>\n<tr>\n<td width=\"71\"><strong>16.30<\/strong><\/td>\n<td width=\"457\">+Stanis\u0142aw, Stanis\u0142aw\u0119, Michalin\u0119<\/td>\n<\/tr>\n<\/tbody>\n<\/table>\n","protected":false},"excerpt":{"rendered":"<p>Poniedzia\u0142ek 15.07.2024r. &nbsp; 7.00 +Mieczys\u0142aw Krzemi\u0144ski \/14 r. \u015bm.\/ 18.00 +Stanis\u0142aw P\u0142atek \/17 r. \u015bm.\/ i zm. z rodziny Wtorek 16.07.2024r. &nbsp; 7.00 +W\u0142adys\u0142aw, Antonina, Wies\u0142aw Rodzinka 18.00 +Irena Dytko of. dzieci i rodzice klas czwartych \u015aroda 17.07.2024r. \u00a0 7.00 +Kazimier\u0119, Franciszek, Jan Kijanka i Karolina 18.00 +Tadeusz Brodzicki Czwartek<span class=\"more-link\"><a href=\"https:\/\/parafiabesko.pl\/?p=10659\">Czytaj wi\u0119cej<\/a><\/span><\/p>\n","protected":false},"author":1,"featured_media":0,"comment_status":"closed","ping_status":"open","sticky":false,"template":"","format":"standard","meta":{"footnotes":""},"categories":[4],"tags":[],"class_list":["entry","author-adminparafiibesko","post-10659","post","type-post","status-publish","format-standard","category-intencje-mszalne"],"_links":{"self":[{"href":"https:\/\/parafiabesko.pl\/index.php?rest_route=\/wp\/v2\/posts\/10659","targetHints":{"allow":["GET"]}}],"collection":[{"href":"https:\/\/parafiabesko.pl\/index.php?rest_route=\/wp\/v2\/posts"}],"about":[{"href":"https:\/\/parafiabesko.pl\/index.php?rest_route=\/wp\/v2\/types\/post"}],"author":[{"embeddable":true,"href":"https:\/\/parafiabesko.pl\/index.php?rest_route=\/wp\/v2\/users\/1"}],"replies":[{"embeddable":true,"href":"https:\/\/parafiabesko.pl\/index.php?rest_route=%2Fwp%2Fv2%2Fcomments&post=10659"}],"version-history":[{"count":0,"href":"https:\/\/parafiabesko.pl\/index.php?rest_route=\/wp\/v2\/posts\/10659\/revisions"}],"wp:attachment":[{"href":"https:\/\/parafiabesko.pl\/index.php?rest_route=%2Fwp%2Fv2%2Fmedia&parent=10659"}],"wp:term":[{"taxonomy":"category","embeddable":true,"href":"https:\/\/parafiabesko.pl\/index.php?rest_route=%2Fwp%2Fv2%2Fcategories&post=10659"},{"taxonomy":"post_tag","embeddable":true,"href":"https:\/\/parafiabesko.pl\/index.php?rest_route=%2Fwp%2Fv2%2Ftags&post=10659"}],"curies":[{"name":"wp","href":"https:\/\/api.w.org\/{rel}","templated":true}]}}