{"id":1031,"date":"2013-07-14T11:15:31","date_gmt":"2013-07-14T11:15:31","guid":{"rendered":"http:\/\/parafiabesko.pl\/?p=1031"},"modified":"2013-07-14T11:15:31","modified_gmt":"2013-07-14T11:15:31","slug":"religijnosc-polakow-w-statystykach","status":"publish","type":"post","link":"https:\/\/parafiabesko.pl\/?p=1031","title":{"rendered":"Religijno\u015b\u0107 Polak\u00f3w w statystykach"},"content":{"rendered":"<p class=\"excerpt\" style=\"text-align: justify;\">\n\tDominicantes bez zmian, wzrost communicantes &ndash; tak przedstawiaj\u0105 si\u0119 najnowsze statystyki uczestnictwa wiernych we mszach \u015bw. Do ko\u015bcio\u0142a w&nbsp;niedziel\u0119 chodzi 40,0%, dok\u0142adnie tyle samo co przed rokiem, do Komunii \u015bw.&nbsp; przyst\u0119puje 16,2%.\n<\/p>\n<p><!--more--><\/p>\n<p style=\"text-align: justify;\">\n\tW por&oacute;wnaniu do roku 2011, w&nbsp;ubieg\u0142ym roku statystyki praktyk religijnych wiernych utrzyma\u0142y si\u0119 na tym samym poziomie. Nie zmieni\u0142 si\u0119 wska\u017anik uczestnictwa we mszach \u015bw., kt&oacute;ry wynosi 40%. Nieznacznie wzros\u0142a liczba os&oacute;b przyst\u0119puj\u0105cych do Komunii \u015awi\u0119tej &ndash; z&nbsp;16,1% do 16,2 %&nbsp; w&nbsp;2012 r.\n<\/p>\n<p style=\"text-align: justify;\">\n\t<strong>&ndash;<\/strong> Tendencj\u0119 spadkow\u0105 wska\u017anika <em>dominicantes<\/em> oraz wzrostu wska\u017anika <em>communicantes<\/em> w&nbsp;ostatnich kilkunastu latach obserwowa\u0142o si\u0119 dot\u0105d we wszystkich diecezjach niezale\u017cnie od poziomu wska\u017anika <em>dominicantes <\/em>i<em> communicantes<\/em> oraz niezale\u017cnie od charakteru diecezji, ilo\u015bci parafii miejskich lub wiejskich &ndash; zauwa\u017ca ks. prof. Witold Zdaniewicz, dyrektor palloty\u0144skiego Instytutu Statystyki Ko\u015bcio\u0142a Katolickiego. Przestrzega, by spadku <em>dominicantes<\/em> nie interpretowa\u0107 wy\u0142\u0105cznie jako oznak\u0119 spadku religijno\u015bci w&nbsp;og&oacute;le. <strong>&ndash;<\/strong> Z&nbsp;pewno\u015bci\u0105 natomiast dane te stanowi\u0105 wyzwanie dla duszpasterstwa <strong>&ndash;<\/strong> podkre\u015bla.\n<\/p>\n<p style=\"text-align: justify;\">\n\tPolacy w&nbsp;dalszym ci\u0105gu uczestnictwo we mszy \u015bw. motywuj\u0105 najcz\u0119\u015bciej czynnikami wewn\u0119trznymi, jak prze\u017cycie religijne i&nbsp;nakaz sumienia. <strong>&ndash;<\/strong> Motywy te nie zmieniaj\u0105 si\u0119 i&nbsp;zdecydowanie dominuj\u0105 na przestrzeni ostatnich dwudziestu lat &ndash; podkre\u015bla ks. prof. Edward Jarmoch. W&nbsp;2012 r. nieco wi\u0119cej ni\u017c co drugi respondent mo\u017ce by\u0107 zaliczony do praktykuj\u0105cych w&nbsp;miar\u0119 systematycznie (w ka\u017cd\u0105 lub prawie ka\u017cd\u0105 niedziel\u0119), natomiast mniej ni\u017c trzy czwarte ankietowanych (71,3%) to tzw. katolicy niedzielni (praktykuj\u0105cy przynajmniej raz w&nbsp;miesi\u0105cu). Oko\u0142o co pi\u0105ty Polak &ndash; wed\u0142ug tego badania &ndash; mo\u017ce by\u0107 zakwalifikowany jako &bdquo;katolik \u015bwi\u0105teczny&rdquo; (praktykuj\u0105cy w&nbsp;wielkie \u015bwi\u0119ta lub tylko przy okre\u015blonych okazjach) i&nbsp;oko\u0142o co dwudziesty w&nbsp;og&oacute;le nie praktykuje.\n<\/p>\n<p style=\"text-align: justify;\">\n\t<strong>&ndash;<\/strong> Wydaje si\u0119, \u017ce stan religijno\u015bci spo\u0142ecze\u0144stwa polskiego w&nbsp;przysz\u0142o\u015bci b\u0119dzie w&nbsp;du\u017cej mierze zale\u017ce\u0107 od adekwatnej do zmian dzia\u0142alno\u015bci duszpasterskiej Ko\u015bcio\u0142a &ndash; zaznacza ks. prof. Janusz Maria\u0144ski z&nbsp;KUL. Socjologia religii ukazuje m.in. rzeczywisto\u015b\u0107 &bdquo;znak&oacute;w czasu&rdquo;, a&nbsp;wi\u0119c to, na co powinni zwr&oacute;ci\u0107 uwag\u0119 duszpasterze. Jednym z&nbsp;przyk\u0142ad&oacute;w jest podej\u015bcie wiernych do modlitwy osobistej <strong>&ndash;<\/strong> w&nbsp;2012 r. co pi\u0105ty badany zrezygnowa\u0142 z&nbsp;indywidualnych modlitw i&nbsp;tylko co drugi modli\u0142 si\u0119 jeszcze w&nbsp;miar\u0119 regularnie. W&nbsp;latach 1991-2012 zmniejszy\u0142 si\u0119 wska\u017anik codziennej modlitwy o&nbsp;8,8%. Warto jednak zauwa\u017cy\u0107, \u017ce w&nbsp;tym samym okresie zwi\u0119kszy\u0142 si\u0119 o&nbsp;9,6% wska\u017anik tych, kt&oacute;rzy modlili si\u0119 w&nbsp;r&oacute;\u017cnych, szczeg&oacute;lnych sytuacjach \u017cyciowych.\n<\/p>\n<p style=\"text-align: justify;\">\n\tBadania <em>dominicantes<\/em> i&nbsp;<em>communicantes<\/em> prowadzone s\u0105 przez Instytut Statystyki Ko\u015bcio\u0142a Katolickiego SAC od &nbsp;roku 1980.<strong> <\/strong>W pierwszym roku badania 51,0% Polak&oacute;w zobowi\u0105zanych uczestniczy\u0142o w&nbsp;niedzielnej mszy \u015bw., a&nbsp;7,8% przyjmowa\u0142o Komuni\u0119 \u015bw. W&nbsp;ostatnim badaniu z&nbsp;2012 r. wska\u017anik <em>dominicantes<\/em> wyni&oacute;s\u0142 40,0%, a&nbsp;<em>communicantes<\/em> 16,2%. Oznacza to spadek wska\u017anika <em>dominicantes<\/em> o&nbsp;11 punkt&oacute;w procentowych oraz wzrost <em>communicantes<\/em> niemal o&nbsp;9 punkt&oacute;w procentowych. Wzrasta zatem pog\u0142\u0119biona religijno\u015b\u0107 Polak&oacute;w, przyjmowanie Komunii \u015bw., wi\u0105\u017ce si\u0119 r&oacute;wnie\u017c z&nbsp;przyst\u0119powaniem do sakramentu spowiedzi. Dokonuj\u0105c analizy akceptacji prawd wiary i&nbsp;wymog&oacute;w moralnych na przestrzeni ostatnich 20 lat, okazuje si\u0119, \u017ce wzrasta wiara w&nbsp;osobowego Boga. Odsetek os&oacute;b uznaj\u0105cych Jezusa Chrystusa za Boga-Cz\u0142owieka wzr&oacute;s\u0142 o&nbsp;3,5%. Potrzeba jednak pog\u0142\u0119bionej wiedzy religijnej &#8211;&nbsp;w\u015br&oacute;d badanych zmniejszy\u0142o si\u0119&nbsp; poprawne rozumienie chrztu i&nbsp;os&oacute;b wierz\u0105cych w&nbsp;\u017cycie po \u015bmierci.\n<\/p>\n<p style=\"text-align: center;\">\n\t<iframe loading=\"lazy\" allowfullscreen=\"\" frameborder=\"0\" height=\"315\" src=\"\/\/www.youtube.com\/embed\/l0bCWwFhcos\" width=\"560\"><\/iframe>\n<\/p>\n<p style=\"text-align: justify;\">\n\t&nbsp;<\/p>\n","protected":false},"excerpt":{"rendered":"<p>Dominicantes bez zmian, wzrost communicantes &ndash; tak przedstawiaj\u0105 si\u0119 najnowsze statystyki uczestnictwa wiernych we mszach \u015bw. Do ko\u015bcio\u0142a w&nbsp;niedziel\u0119 chodzi 40,0%, dok\u0142adnie tyle samo co przed rokiem, do Komunii \u015bw.&nbsp; przyst\u0119puje 16,2%.<span class=\"more-link\"><a href=\"https:\/\/parafiabesko.pl\/?p=1031\">Czytaj wi\u0119cej<\/a><\/span><\/p>\n","protected":false},"author":1,"featured_media":1032,"comment_status":"closed","ping_status":"open","sticky":false,"template":"","format":"standard","meta":{"footnotes":""},"categories":[6],"tags":[],"class_list":["entry","author-adminparafiibesko","has-more-link","post-1031","post","type-post","status-publish","format-standard","has-post-thumbnail","category-uncategorized"],"_links":{"self":[{"href":"https:\/\/parafiabesko.pl\/index.php?rest_route=\/wp\/v2\/posts\/1031","targetHints":{"allow":["GET"]}}],"collection":[{"href":"https:\/\/parafiabesko.pl\/index.php?rest_route=\/wp\/v2\/posts"}],"about":[{"href":"https:\/\/parafiabesko.pl\/index.php?rest_route=\/wp\/v2\/types\/post"}],"author":[{"embeddable":true,"href":"https:\/\/parafiabesko.pl\/index.php?rest_route=\/wp\/v2\/users\/1"}],"replies":[{"embeddable":true,"href":"https:\/\/parafiabesko.pl\/index.php?rest_route=%2Fwp%2Fv2%2Fcomments&post=1031"}],"version-history":[{"count":0,"href":"https:\/\/parafiabesko.pl\/index.php?rest_route=\/wp\/v2\/posts\/1031\/revisions"}],"wp:featuredmedia":[{"embeddable":true,"href":"https:\/\/parafiabesko.pl\/index.php?rest_route=\/"}],"wp:attachment":[{"href":"https:\/\/parafiabesko.pl\/index.php?rest_route=%2Fwp%2Fv2%2Fmedia&parent=1031"}],"wp:term":[{"taxonomy":"category","embeddable":true,"href":"https:\/\/parafiabesko.pl\/index.php?rest_route=%2Fwp%2Fv2%2Fcategories&post=1031"},{"taxonomy":"post_tag","embeddable":true,"href":"https:\/\/parafiabesko.pl\/index.php?rest_route=%2Fwp%2Fv2%2Ftags&post=1031"}],"curies":[{"name":"wp","href":"https:\/\/api.w.org\/{rel}","templated":true}]}}